{"id":296510,"date":"2020-07-10T19:17:10","date_gmt":"2020-07-10T17:17:10","guid":{"rendered":"https:\/\/www.pcnen.com\/portal\/?p=296510"},"modified":"2020-07-10T19:17:10","modified_gmt":"2020-07-10T17:17:10","slug":"protest-u-novom-sadu-uzivo","status":"publish","type":"post","link":"https:\/\/www.pcnen.com\/portal\/2020\/07\/10\/protest-u-novom-sadu-uzivo\/","title":{"rendered":"Protest u Novom Sadu (u\u017eivo)"},"content":{"rendered":"<p>https:\/\/www.facebook.com\/Radio021\/videos\/979635582462557\/<\/p>\n<p>Osnovni zahtjevi protesta su ostavke direktora policije Vladimira Rebi\u0107a, ministra unutra\u0161njih poslova Neboj\u0161e Stefanovi\u0107a, gradona\u010delnika Novog Sada Milo\u0161a Vu\u010devi\u0107a i predsjednika Srbije Aleksandra Vu\u010di\u0107a, prenosi portal 021.rs.<\/p>\n<p>Gra\u0111ani tra\u017ee i ostavke Kriznog \u0161taba, preusmjeravanje novca medicinarima i povratak na posao gra\u0111ana otpu\u0161tenih tokom pandemije.<\/p>\n","protected":false},"excerpt":{"rendered":"<p>U 18 \u010dasova gra\u0111ani su se okupili na Trgu slobode u Novom Sadu, kako bi \u010detvrti dan protestovali protiv re\u017eima.<\/p>\n","protected":false},"author":1,"featured_media":0,"comment_status":"open","ping_status":"closed","sticky":false,"template":"","format":"standard","meta":{"_seopress_robots_primary_cat":"","_seopress_titles_title":"","_seopress_titles_desc":"","_seopress_robots_index":"","_et_pb_use_builder":"","_et_pb_old_content":"","_et_gb_content_width":"","inline_featured_image":false,"footnotes":""},"categories":[14],"tags":[],"class_list":["post-296510","post","type-post","status-publish","format-standard","hentry","category-vijesti"],"_links":{"self":[{"href":"https:\/\/www.pcnen.com\/portal\/wp-json\/wp\/v2\/posts\/296510","targetHints":{"allow":["GET"]}}],"collection":[{"href":"https:\/\/www.pcnen.com\/portal\/wp-json\/wp\/v2\/posts"}],"about":[{"href":"https:\/\/www.pcnen.com\/portal\/wp-json\/wp\/v2\/types\/post"}],"author":[{"embeddable":true,"href":"https:\/\/www.pcnen.com\/portal\/wp-json\/wp\/v2\/users\/1"}],"replies":[{"embeddable":true,"href":"https:\/\/www.pcnen.com\/portal\/wp-json\/wp\/v2\/comments?post=296510"}],"version-history":[{"count":1,"href":"https:\/\/www.pcnen.com\/portal\/wp-json\/wp\/v2\/posts\/296510\/revisions"}],"predecessor-version":[{"id":296511,"href":"https:\/\/www.pcnen.com\/portal\/wp-json\/wp\/v2\/posts\/296510\/revisions\/296511"}],"wp:attachment":[{"href":"https:\/\/www.pcnen.com\/portal\/wp-json\/wp\/v2\/media?parent=296510"}],"wp:term":[{"taxonomy":"category","embeddable":true,"href":"https:\/\/www.pcnen.com\/portal\/wp-json\/wp\/v2\/categories?post=296510"},{"taxonomy":"post_tag","embeddable":true,"href":"https:\/\/www.pcnen.com\/portal\/wp-json\/wp\/v2\/tags?post=296510"}],"curies":[{"name":"wp","href":"https:\/\/api.w.org\/{rel}","templated":true}]}}