{"id":296333,"date":"2020-07-09T07:35:40","date_gmt":"2020-07-09T05:35:40","guid":{"rendered":"https:\/\/www.pcnen.com\/portal\/?p=296333"},"modified":"2020-07-09T07:35:40","modified_gmt":"2020-07-09T05:35:40","slug":"policija-nije-stedela-ni-reportere","status":"publish","type":"post","link":"https:\/\/www.pcnen.com\/portal\/2020\/07\/09\/policija-nije-stedela-ni-reportere\/","title":{"rendered":"Policija nije \u0161te\u0111ela ni reportere"},"content":{"rendered":"<p>Portal navodi da je jednoj od njih policijac udario pendrekom po prstima i izbila joj telefone iz ruke, a da je drugu gurnula.<\/p>\n<p>&#8220;Obe novinarke su se legitimisale policajcima, me\u0111utim njih to nije interesovalo i nastavili su da ih guraju i napadaju&#8221;, javlja Nova.rs.<\/p>\n<p>Portal je takodje oka\u010dio snimak iz Bulevara Kralja Aleksandra, za koji tvrde da prikazuje napad policije na jo\u0161 jednog njihovog reportera, koji se tako\u0111e legitimisao.<\/p>\n<p>Tokom protesta i nereda ispred Skup\u0161tine Srbije sino\u0107 je povrije\u0111eno 19 policajaca i 17 demonstranta. Njihove povrede nisu bile te\u017ee prirode, re\u010deno je Tanjugu u Hitnoj pomo\u0107i.<\/p>\n","protected":false},"excerpt":{"rendered":"<p>Dvije novinarke portala Nova.rs sino\u0107 je napala policija dok su izvje\u0161tavale sa protesta, javio je taj portal.<\/p>\n","protected":false},"author":1,"featured_media":296180,"comment_status":"open","ping_status":"closed","sticky":false,"template":"","format":"standard","meta":{"_seopress_robots_primary_cat":"","_seopress_titles_title":"","_seopress_titles_desc":"","_seopress_robots_index":"","_et_pb_use_builder":"","_et_pb_old_content":"","_et_gb_content_width":"","inline_featured_image":false,"footnotes":""},"categories":[14],"tags":[],"class_list":["post-296333","post","type-post","status-publish","format-standard","has-post-thumbnail","hentry","category-vijesti"],"_links":{"self":[{"href":"https:\/\/www.pcnen.com\/portal\/wp-json\/wp\/v2\/posts\/296333","targetHints":{"allow":["GET"]}}],"collection":[{"href":"https:\/\/www.pcnen.com\/portal\/wp-json\/wp\/v2\/posts"}],"about":[{"href":"https:\/\/www.pcnen.com\/portal\/wp-json\/wp\/v2\/types\/post"}],"author":[{"embeddable":true,"href":"https:\/\/www.pcnen.com\/portal\/wp-json\/wp\/v2\/users\/1"}],"replies":[{"embeddable":true,"href":"https:\/\/www.pcnen.com\/portal\/wp-json\/wp\/v2\/comments?post=296333"}],"version-history":[{"count":1,"href":"https:\/\/www.pcnen.com\/portal\/wp-json\/wp\/v2\/posts\/296333\/revisions"}],"predecessor-version":[{"id":296334,"href":"https:\/\/www.pcnen.com\/portal\/wp-json\/wp\/v2\/posts\/296333\/revisions\/296334"}],"wp:featuredmedia":[{"embeddable":true,"href":"https:\/\/www.pcnen.com\/portal\/wp-json\/wp\/v2\/media\/296180"}],"wp:attachment":[{"href":"https:\/\/www.pcnen.com\/portal\/wp-json\/wp\/v2\/media?parent=296333"}],"wp:term":[{"taxonomy":"category","embeddable":true,"href":"https:\/\/www.pcnen.com\/portal\/wp-json\/wp\/v2\/categories?post=296333"},{"taxonomy":"post_tag","embeddable":true,"href":"https:\/\/www.pcnen.com\/portal\/wp-json\/wp\/v2\/tags?post=296333"}],"curies":[{"name":"wp","href":"https:\/\/api.w.org\/{rel}","templated":true}]}}