{"id":295201,"date":"2020-06-29T16:27:48","date_gmt":"2020-06-29T14:27:48","guid":{"rendered":"https:\/\/www.pcnen.com\/portal\/?p=295201"},"modified":"2020-06-29T16:27:48","modified_gmt":"2020-06-29T14:27:48","slug":"spc-u-cg-dobila-podrsku-i-niksickih-sportista","status":"publish","type":"post","link":"https:\/\/www.pcnen.com\/portal\/2020\/06\/29\/spc-u-cg-dobila-podrsku-i-niksickih-sportista\/","title":{"rendered":"SPC u CG dobila podr\u0161ku i nik\u0161i\u0107kih sportista"},"content":{"rendered":"<p>&#8220;\u041aao nastavlja\u010di i nosioci bogate sportske tradicije i kulture grada Nik\u0161i\u0107a, koji je iznjedrio mnogo vrhunskih sportista, ali i kao vjeruju\u0107i ljudi, du\u017enost nam je da damo punu podr\u0161ku Mitropoliji crnogorsko-primorskoj i trima eparhijama u o\u010duvanju njihovih prava. Nama, nik\u0161i\u0107kim sportistima i sportskim djelatnicima svojstven poseban osje\u0107aj za pravdu i svetinju, nala\u017ee da stanemo na stranu na\u0161e Crkve. \u0106utanje pred nepravdom nije ni ljudski, ni sportski ni vite\u0161ki, pogotovo ne u Nik\u0161i\u0107u, gradu vite\u0161kom i gospodstvenom, gradu \u010diji je za\u0161titnik Sveti Vasilije Ostro\u0161ki, na\u0161 molilac i zastupnik pred Bogom. \u010clanovi ove grupe ne \u010dine ni\u0161ta \u0161to ve\u0107 nisu \u010dinili, oni i njihovi preci. Borili se za pehare, a \u0161ta je pehar nego putir iz koga se hri\u0161\u0107ani pri\u010de\u0161\u0107uju 2000 godina. \u0160ta je sportski \u017eivot nego duhovna askeza, \u0161ta uspjeh nego podvig vjere\u201c<\/p>\n<p>Na spisku se nalaze osvaja\u010di balkanskih mediteranskih, evropskih i svjetskih medalja u\u010desnici Olimpijskih igara i nosioci najve\u0107ih priznanja iz oblasti sporta.<\/p>\n<ol>\n<li>Ivana Jovanovi\u0107 odbojka<\/li>\n<li>Marko Boji\u0107 odbojka<\/li>\n<li>Vlado Boji\u0107 odbojka<\/li>\n<li>Bobo Boji\u0107 odbojka<\/li>\n<li>Slavko Boji\u0107 odbojka<\/li>\n<li>Vladimir \u0110oki\u0107 odbojka<\/li>\n<li>Branko Mane Manojlovi\u0107 odbojka<\/li>\n<li>Drago Musi\u0107 atletika<\/li>\n<li>Du\u0161an \u041arcunovi\u0107 atletika<\/li>\n<\/ol>\n<p>10.Radomir Mileti\u0107 atletika<\/p>\n<ol start=\"11\">\n<li>Slavko \u041aljajevi\u0107 atletika<\/li>\n<li>Nikola \u041arivokapi\u0107 atletika<\/li>\n<\/ol>\n<p>13.Ratko Dra\u0161kovi\u0107 boks<\/p>\n<ol start=\"14\">\n<li>Bo\u0161ko Dra\u0161kovi\u0107 boks<\/li>\n<li>Drago \u0160ip\u010di\u0107 boks<\/li>\n<li>Milan Nik\u010devi\u0107 boks<\/li>\n<li>Milivoje Musi\u0107 boks<\/li>\n<li>Radonja \u0160turanovi\u0107 boks<\/li>\n<li>Banjo \u041ane\u017eevi\u0107 boks<\/li>\n<li>Bla\u017eo Nik\u010devi\u0107 boks<\/li>\n<li>Zorica Blagojevi\u0107 Aleksi\u0107 d\u017eudo<\/li>\n<li>Sne\u017eana Ba\u0107ovi\u0107 Bigovi\u0107 d\u017eudo<\/li>\n<li>Slavka Marojevi\u0107 Radulovi\u0107 d\u017eudo<\/li>\n<li>Dragan Bigovi\u0107 d\u017eudo<\/li>\n<li>Dragoljub Radulovi\u0107 d\u017eudo<\/li>\n<li>Milinko Labudovi\u0107 d\u017eudo<\/li>\n<li>\u017deljko Radulovi\u0107 d\u017eudo<\/li>\n<li>Budimir Ugren, karate<\/li>\n<li>\u017deljko Jovanovi\u0107 ko\u0161arka<\/li>\n<li>Nikola \u0110okovi\u0107 ko\u0161arka<\/li>\n<li>Radivoje Glomazi\u0107 ko\u0161arka<\/li>\n<li>Zdravko Okiljevi\u0107 ko\u0161arka<\/li>\n<li>Dejan Ivanovi\u0107 karate<\/li>\n<li>Damjan Abramovi\u0107 karate<\/li>\n<li>Lazar \u041aosovi\u0107 karate<\/li>\n<li>Dra\u017een \u0110orojevi\u0107 karate<\/li>\n<li>Borislav D\u017eakovi\u0107 karate<\/li>\n<li>\u017darko \u017dugi\u0107 kuglanje<\/li>\n<li>Andrija Spasojevi\u0107 MMA<\/li>\n<li>Nikola Ble\u010di\u0107 MMA<\/li>\n<li>Mi\u0161o Dubljani\u0107 fudbal<\/li>\n<li>Slavi\u0161a Mirkovi\u0107 fudbal<\/li>\n<li>Ljubi\u0161a Mirkovi\u0107 fudbal<\/li>\n<li>Ranko Zirojevi\u0107 fudbal<\/li>\n<li>Boro Matovi\u0107 fudbal<\/li>\n<li>Marko Matovi\u0107 fudbal<\/li>\n<li>Darko \u041aarad\u017ei\u0107 fudbal<\/li>\n<li>Slobodan Babi\u0107 fudbal<\/li>\n<li>Veli\u0161a D\u017eakovi\u0107 karate<\/li>\n<li>Nikola D\u017eeverdanovi\u0107 fudbal<\/li>\n<li>Marko D\u017eeverdanovi\u0107 fudbal<\/li>\n<li>Zdravko Drin\u010di\u0107 fudbal<\/li>\n<li>Vuk Drin\u010di\u0107 fudbal<\/li>\n<li>\u041arsto \u041aoprivica fudbal<\/li>\n<li>Igor \u041aosti\u0107 fudbal<\/li>\n<li>Sr\u0111an Nikoli\u0107 fudbal<\/li>\n<li>Radovan Garda\u0161evi\u0107 fudbal<\/li>\n<li>Dejan Miljani\u0107 fudbal<\/li>\n<li>Andrija Pejovi\u0107 fudbal<\/li>\n<li>Nemanja Ostoji\u0107 fudbal<\/li>\n<li>Borislav Peru\u0107ica fudbal<\/li>\n<li>Ivan Ze\u010devi\u0107 fudbal<\/li>\n<li>Igor Memedovi\u0107 fudbal<\/li>\n<li>Obrad Zirojevi\u0107 fudbal<\/li>\n<li>Boris \u041aod\u017eulovi\u0107 strelja\u0161tvo<\/li>\n<li>Aleksandar \u041aarad\u017ei\u0107 fudbal<\/li>\n<li>Novo Vujovi\u0107 sportsko penjanje<\/li>\n<li>Dana \u0110ur\u0111evac D\u017eudo<\/li>\n<li>Zoran Boji\u0107 odbojka<\/li>\n<li>Pavle Zirojevi\u0107 fudbal<\/li>\n<li>Milivoje Deli\u0107 fudbal<\/li>\n<li>Velimir \u0106orovi\u0107 atletika<\/li>\n<li>Vladan \u0160am\u0161al skijanje<\/li>\n<\/ol>\n<p>74.Miladin Tomi\u0107 ko\u0161arka<\/p>\n<ol start=\"75\">\n<li>Mili\u0107 Radulovi\u0107 d\u017eudo<\/li>\n<li>Aleksa \u0110urkovi\u0107 fudbal<\/li>\n<li>Luka Radulovi\u0107 ko\u0161arka<\/li>\n<li>Ivan Janju\u0161evi\u0107 fudbal<\/li>\n<li>Aleksandar Vlahovi\u0107 fudbal<\/li>\n<li>Vladimir Jokovi\u0107 karate<\/li>\n<li>Marko \u0110urkovi\u0107 ko\u0161arka<\/li>\n<li>Mitar Dakovi\u0107 fudbal<\/li>\n<li>Marijan Andesili\u0107 fudbal<\/li>\n<li>Ivan Pavi\u0107evi\u0107 atletika<\/li>\n<li>Radovan Be\u0107irovi\u0107 fudbal<\/li>\n<li>Bojan Toma\u0161evi\u0107 ko\u0161arka<\/li>\n<li>Igor Bao\u0161i\u0107 atletika<\/li>\n<li>Peri\u0161a D\u017eakovi\u0107 karate<\/li>\n<li>Milorad Bato D\u017eeverdanovi\u0107 fudbal<\/li>\n<li>Dra\u0161ko Poleksi\u0107 fudbal<\/li>\n<li>Rajko \u010curovi\u0107 fudbal<\/li>\n<li>Dragan Poleksi\u0107 boks<\/li>\n<li>Dragan Gajo Dra\u0161kovi\u0107 boks<\/li>\n<li>Aleksandar Mileti\u0107 atletika<\/li>\n<li>Darko Mi\u0107anovi\u0107 fudbal<\/li>\n<li>Bal\u0161a Goranovi\u0107 fudbal<\/li>\n<li>Nemanja Rosandi\u0107 karate<\/li>\n<li>Milorad Gajovi\u0107 boks<\/li>\n<li>Danilo Panti\u0107 d\u017eudo<\/li>\n<li>Nikola Stojanovi\u0107 karate<\/li>\n<li>Nikola Mini\u0107 karate<\/li>\n<li>Radojka Perovi\u0107 d\u017eudo<\/li>\n<li>Sne\u017eana Radovi\u0107 d\u017eudo<\/li>\n<li>Jovan Vujovi\u0107 fudbal<\/li>\n<li>Goran Perovi\u0107 boks<\/li>\n<li>\u0110or\u0111ije Vukovi\u0107 vaterpolo<\/li>\n<li>Ranka Nikoli\u0107 biciklizam<\/li>\n<li>Dragan Jelu\u0161i\u0107 rukomet<\/li>\n<li>Milo\u0161Erakovi\u0107 d\u017eudo<\/li>\n<li>Mihailo Radulovi\u0107 fudbal<\/li>\n<li>Aleksandar \u0110urkovi\u0107 ko\u0161arka<\/li>\n<li>Lazar \u017di\u017ei\u0107 fudbal<\/li>\n<li>David \u041aosti\u0107 fudbal<\/li>\n<li>Miljan Vukoti\u0107 ko\u0161arka<\/li>\n<li>Goran Tijani\u0107 snuker<\/li>\n<li>Bojan Toma\u0161evi\u0107 ko\u0161arka<\/li>\n<li>Mato \u0110urkovi\u0107 fudbal<\/li>\n<li>Stevan Crnogorac odbojka<\/li>\n<li>Rako Bulatovi\u0107 rukomet<\/li>\n<li>Andrija Jaredi\u0107 karate<\/li>\n<li>\u017divorad \u0160ljivan\u010danin ko\u0161arka<\/li>\n<li>Predrag Jaredi\u0107 fudbal<\/li>\n<li>Ognjen \u0160kuleti\u0107 ko\u0161arka<\/li>\n<li>\u017deljko \u0106eha fudbal<\/li>\n<li>Ranko Manojlovi\u0107 fudbal<\/li>\n<li>Novak Ostoji\u0107 d\u017eudo<\/li>\n<li>Zoran Ble\u010di\u0107 d\u017eudo<\/li>\n<li>Slavko Pavlovi\u0107 ko\u0161arka<\/li>\n<li>Radosav Bezmarevi\u0107 biciklizam<\/li>\n<li>Branko Miji\u0161kovi\u0107 fudbal<\/li>\n<li>Svetlana Gruba\u010d sportski ribolov<\/li>\n<li>Milo\u0161 Tur\u010dinovi\u0107 fudbal<\/li>\n<li>Lazar \u041aecojevi\u0107 fudbal<\/li>\n<li>Ranko Vuksanovi\u0107, sportski ribolov<\/li>\n<li>Boris Lje\u0161kovi\u0107, d\u017eudo<\/li>\n<li>Milimir Cerovi\u0107, sportsko penjanje<\/li>\n<li>Du\u0161an Vuji\u0107, sportsko penjanje<\/li>\n<li>Ivica Deli\u0107, d\u017eudo<\/li>\n<li>Sa\u0161a Medin, fudbal<\/li>\n<li>Petar Popovi\u0107, karate<\/li>\n<li>Drago Bukili\u0107, ko\u0161arka<\/li>\n<li>Nemanja Vukovi\u0107, fudbal<\/li>\n<li>Stefan Vukovi\u0107, fudbal<\/li>\n<li>Aleksa Vukovi\u0107, fudbal<\/li>\n<li>Nastasija Vukovi\u0107, rukomet<\/li>\n<li>Petar Pavlovi\u0107, ko\u0161arka<\/li>\n<li>Mijodrag Samard\u017ei\u0107, strelja\u0161tvo<\/li>\n<\/ol>\n","protected":false},"excerpt":{"rendered":"<p>Foto: Mladi Nik\u0161i\u0107a<br \/>\nVe\u0107a grupa nik\u0161i\u0107kih sportista i sportiskinja je javno pru\u017eila podr\u0161ku Srpskoj pravoslavnoj crkvi u Crnoj Gori u borbi za o\u010duvanje svetinja.<\/p>\n","protected":false},"author":1,"featured_media":295202,"comment_status":"open","ping_status":"closed","sticky":false,"template":"","format":"standard","meta":{"_seopress_robots_primary_cat":"","_seopress_titles_title":"","_seopress_titles_desc":"","_seopress_robots_index":"","_et_pb_use_builder":"","_et_pb_old_content":"","_et_gb_content_width":"","inline_featured_image":false,"footnotes":""},"categories":[14],"tags":[],"class_list":["post-295201","post","type-post","status-publish","format-standard","has-post-thumbnail","hentry","category-vijesti"],"_links":{"self":[{"href":"https:\/\/www.pcnen.com\/portal\/wp-json\/wp\/v2\/posts\/295201","targetHints":{"allow":["GET"]}}],"collection":[{"href":"https:\/\/www.pcnen.com\/portal\/wp-json\/wp\/v2\/posts"}],"about":[{"href":"https:\/\/www.pcnen.com\/portal\/wp-json\/wp\/v2\/types\/post"}],"author":[{"embeddable":true,"href":"https:\/\/www.pcnen.com\/portal\/wp-json\/wp\/v2\/users\/1"}],"replies":[{"embeddable":true,"href":"https:\/\/www.pcnen.com\/portal\/wp-json\/wp\/v2\/comments?post=295201"}],"version-history":[{"count":1,"href":"https:\/\/www.pcnen.com\/portal\/wp-json\/wp\/v2\/posts\/295201\/revisions"}],"predecessor-version":[{"id":295203,"href":"https:\/\/www.pcnen.com\/portal\/wp-json\/wp\/v2\/posts\/295201\/revisions\/295203"}],"wp:featuredmedia":[{"embeddable":true,"href":"https:\/\/www.pcnen.com\/portal\/wp-json\/wp\/v2\/media\/295202"}],"wp:attachment":[{"href":"https:\/\/www.pcnen.com\/portal\/wp-json\/wp\/v2\/media?parent=295201"}],"wp:term":[{"taxonomy":"category","embeddable":true,"href":"https:\/\/www.pcnen.com\/portal\/wp-json\/wp\/v2\/categories?post=295201"},{"taxonomy":"post_tag","embeddable":true,"href":"https:\/\/www.pcnen.com\/portal\/wp-json\/wp\/v2\/tags?post=295201"}],"curies":[{"name":"wp","href":"https:\/\/api.w.org\/{rel}","templated":true}]}}