{"id":294966,"date":"2020-06-27T15:20:45","date_gmt":"2020-06-27T13:20:45","guid":{"rendered":"https:\/\/www.pcnen.com\/portal\/?p=294966"},"modified":"2020-06-27T19:31:55","modified_gmt":"2020-06-27T17:31:55","slug":"umalo-tuca-u-sali-budvanskog-parlamenta-video","status":"publish","type":"post","link":"https:\/\/www.pcnen.com\/portal\/2020\/06\/27\/umalo-tuca-u-sali-budvanskog-parlamenta-video\/","title":{"rendered":"Umalo tu\u010da u sali budvanskog parlamenta (video)"},"content":{"rendered":"<p><iframe loading=\"lazy\" title=\"VIJESTI U POLA 7 - Sukob odbornika SNP a i DPS a | Vijesti Online\" width=\"1080\" height=\"608\" src=\"https:\/\/www.youtube.com\/embed\/YlGWGGrOzYU?start=6&#038;feature=oembed\" frameborder=\"0\" allow=\"accelerometer; autoplay; clipboard-write; encrypted-media; gyroscope; picture-in-picture; web-share\" allowfullscreen><\/iframe><\/p>\n<p>U salu Skup\u0161tine op\u0161tine ba\u010den je biber sprej i izvedeni su odbornici DF, koji su prethodno <a href=\"https:\/\/www.pcnen.com\/portal\/2020\/06\/27\/odbornici-df-ometaju-rad-lokalnog-parlamenta-video\/\">ometali rad sjednice i snimali mobilnim telefonima<\/a>, prenosi RTCG.<\/p>\n<p>U skup\u0161tinskoj sali je umalo do\u0161lo do fizi\u010dkog kontakta izme\u0111u odbornika Krsta Ra\u0111enovi\u0107a (SNP) i Milije Sekulovi\u0107a (DPS).<\/p>\n<p>Vijestima je potvr\u0111eno da se na video nadzoru sale vidi da je odbornik DF \u0110or\u0111e Vujovi\u0107 upotrijebio biber sprej, a da je odbornik DF Janko Dimi\u0107 dva puta udario nezavisnog odbornika Stevana D\u017eakovi\u0107a u predjelu grudi.<\/p>\n<p><iframe loading=\"lazy\" title=\"SO Budva, upotreba biber spreja | Vijesti\" width=\"1080\" height=\"608\" src=\"https:\/\/www.youtube.com\/embed\/2GutHpA5_TE?start=22&#038;feature=oembed\" frameborder=\"0\" allow=\"accelerometer; autoplay; clipboard-write; encrypted-media; gyroscope; picture-in-picture; web-share\" allowfullscreen><\/iframe><\/p>\n","protected":false},"excerpt":{"rendered":"<p>Odbornik DF Janko Dimi\u0107 je dva puta udario nezavisnog odbornika Stevana D\u017eakovi\u0107a u predjelu grudi<\/p>\n","protected":false},"author":1,"featured_media":0,"comment_status":"open","ping_status":"closed","sticky":false,"template":"","format":"standard","meta":{"_seopress_robots_primary_cat":"","_seopress_titles_title":"","_seopress_titles_desc":"","_seopress_robots_index":"","_et_pb_use_builder":"","_et_pb_old_content":"","_et_gb_content_width":"","inline_featured_image":false,"footnotes":""},"categories":[14],"tags":[],"class_list":["post-294966","post","type-post","status-publish","format-standard","hentry","category-vijesti"],"_links":{"self":[{"href":"https:\/\/www.pcnen.com\/portal\/wp-json\/wp\/v2\/posts\/294966","targetHints":{"allow":["GET"]}}],"collection":[{"href":"https:\/\/www.pcnen.com\/portal\/wp-json\/wp\/v2\/posts"}],"about":[{"href":"https:\/\/www.pcnen.com\/portal\/wp-json\/wp\/v2\/types\/post"}],"author":[{"embeddable":true,"href":"https:\/\/www.pcnen.com\/portal\/wp-json\/wp\/v2\/users\/1"}],"replies":[{"embeddable":true,"href":"https:\/\/www.pcnen.com\/portal\/wp-json\/wp\/v2\/comments?post=294966"}],"version-history":[{"count":9,"href":"https:\/\/www.pcnen.com\/portal\/wp-json\/wp\/v2\/posts\/294966\/revisions"}],"predecessor-version":[{"id":295009,"href":"https:\/\/www.pcnen.com\/portal\/wp-json\/wp\/v2\/posts\/294966\/revisions\/295009"}],"wp:attachment":[{"href":"https:\/\/www.pcnen.com\/portal\/wp-json\/wp\/v2\/media?parent=294966"}],"wp:term":[{"taxonomy":"category","embeddable":true,"href":"https:\/\/www.pcnen.com\/portal\/wp-json\/wp\/v2\/categories?post=294966"},{"taxonomy":"post_tag","embeddable":true,"href":"https:\/\/www.pcnen.com\/portal\/wp-json\/wp\/v2\/tags?post=294966"}],"curies":[{"name":"wp","href":"https:\/\/api.w.org\/{rel}","templated":true}]}}