{"id":294765,"date":"2020-06-26T10:32:32","date_gmt":"2020-06-26T08:32:32","guid":{"rendered":"https:\/\/www.pcnen.com\/portal\/?p=294765"},"modified":"2020-06-26T10:32:32","modified_gmt":"2020-06-26T08:32:32","slug":"savjetu-za-gradansku-kontrolu-rada-policije","status":"publish","type":"post","link":"https:\/\/www.pcnen.com\/portal\/2020\/06\/26\/savjetu-za-gradansku-kontrolu-rada-policije\/","title":{"rendered":"Savjetu za gra\u0111ansku kontrolu rada policije"},"content":{"rendered":"<p>Predmet: Prigovor na postupanje policije<\/p>\n<p>Po\u0161tovani,<\/p>\n<p>Dana 24.06.2020. godine priveden sam od strane policije zbog protesta koji je bio neprijavljen i spontan, a koji se desio ispred zgrade Centra bezbjednosti u Podgorici. Privo\u0111enje je bilo profesionalno, bez upotrebe sile. Nijesam pru\u017eao nikakav otpor pri hap\u0161enju, i na taj dio nemam primjedbi.<\/p>\n<p>Prigovor se odnosi na postupanja i radnje policije koje su se desile poslije hap\u0161enja, a koje je izvr\u0161eno oko 20.30 sati.<\/p>\n<p>Nas oko 25 uhap\u0161enih je smje\u0161teno u prostoriju od oko 40 <strong>m<sup>2<\/sup><\/strong>. Sa nama u prostoriji su uvijek bila dva do \u010detiri policajca. Niko osim mene, pa ni slu\u017ebena lica (policajci), nije imao niti nosio za\u0161titnu masku za lice, uprkos mjerama tzv.NKT-a koje obavezuju no\u0161enje maski u zatvorenom prostoru, \u0161to nas je sve izlo\u017eilo pove\u0107anom riziku zaraze od virusa Covid &#8211; 19.<\/p>\n<p>Odmah po hap\u0161enju su nam oduzeti mobilni telefoni. Tra\u017eio sam od ovla\u0161\u0107enih slu\u017ebenika da mi omogu\u0107e pravo na jedan poziv kako bih, kao samohrani otac, obavjestio svoje malodobno dijete od devet godina, koje je bilo samo ku\u0107i, da sam uhap\u0161en i da pozove nekog od mojih prijatelja u cilju svog zbrinjavanja. To gra\u0111ansko, ali i ljudsko pravo mi je onemogu\u0107eno. Dozvoljeno mi je da pozovem dijete tek oko 22.00 sata, dakle 1,30 sati poslije upu\u0107enog zahtjeva.<\/p>\n<p>Saslu\u0161anje kod ovla\u0161\u0107enog policijskog slu\u017ebenika Skenderovi\u0107 Emina uslijedilo je skoro \u0161est sati poslije hap\u0161enja, 25.06.2020. godine oko 01.30 sati. U prostoriji za saslu\u0161anje bila su tri policijska slu\u017ebenika i ja. Prostorija je imala oko 10 <strong>m<sup>2<\/sup><\/strong>. Ni tu niko nije nosio za\u0161titnu masku za lice, osim mene.<\/p>\n<p>Po saslu\u0161anju sam vra\u0107en u ranije pomenutu prostoriju. Ubrzo poslije toga, saop\u0161teno nam je da smo li\u0161eni slobode pod optu\u017ebom za nepostupanje po nare\u0111enu slu\u017ebenog lica, ali niko od nas nije odveden u pritvorsku jedinicu nego smo do jutra bili u neadekvatnoj prostoriji, bez mogu\u0107nost da zaspimo, jer nijesmo imali \u010dak ni dovoljan broj stolica za sjedenje.<\/p>\n<p>25.06.2020. godine, oko 08.30 sati, sam najzad odveden u pritvorsku jedinicu, dakle 12 sati poslije hap\u0161enja. Dvanaest sati sam proveo na stolici, bez ponu\u0111enog obroka ili makar nekog sendvi\u010da, a za ostalo i da ne pri\u010dam. Jedan sat prije odvo\u0111enja u pritvorsku jedinicu, ponovo sam zahtijevao da mi se dozvoli da se \u010dujem sa mojim malodobnim djetetom, kako bih vidjeo ko ga je preuzeo, da li je dijete pod stresom i sli\u010dno. Poslije \u201evije\u0107anja\u201c de\u017eurnog policajca sa nekim od njegovih predpostavljenih, koje je trajalo jedan sat, to pravo mi je omogu\u0107eno.<\/p>\n<p>Potpuno iscrpljen, odvo\u0111enje u pritvorsku jedinicu sam do\u017eivio kao olak\u0161anje i mogu\u0107nost da makar malo odspavam. Me\u0111utim, uslovi u njoj su za stoku, a ne za ljude. Smrad kreveta na kojem sam trebao da spavam i same pritvorske jedinice jo\u0161 osje\u0107am dok ovo pi\u0161em. U takvim uslovima, normalno, nijesam mogao da ostvarim osnovnu \u010dovjekovu bilo\u0161ku potrebu \u2013 za snom. Tek oko 10.00 sati, dakle 13 sati poslije privo\u0111ena, dobio sam prvi obrok \u2013 snedvi\u010d sa sirom i salamom.<\/p>\n<p>Oko 12.00 sati sam odveden na saslu\u0161anje kod tu\u017eioca. Sve sa lisicama na rukama, kako to propisi nala\u017eu i kako dolikuje onim koji mirnim iskazivanjem protesta \u2013 kako sam ja \u010dinio i kako uvijek \u010dinim &#8211; \u201enapadaju dr\u017eavu\u201c, \u0161to je bio, kako sam po izlasku iz pritvora \u010duo, iskaz predsjednika Savjeta, \u010dime je i mene li\u010dno targetirao kao \u201eneprijatelja dr\u017eave\u201c. \u201eNeprijatelj dr\u017eave\u201c koji upravo pi\u0161e prigovor Savjetu, koji je valjda \u201eprijatelj dr\u017eave\u201c.<\/p>\n<p>Mislio sam da je funkcija Savjeta da bude prijatelj gra\u0111ana, tj. da njegova uloga nije davanje bilo kakvih kvalifikacija, ve\u0107 postupanje po prigovorima gra\u0111ana. Uzgred, slobodan sam napomenuti da je predsjednik Savjeta, do unazad nekoliko godina, zajedno sa mnom u kontinuitetu bio kvalifikovan kao \u201eneprijatelj dr\u017eave\u201c. I da je, od istog ovog direktora policije, poslije na\u0161e zajedni\u010dke akcije oko namjera da se svojevremeno dodjeli nagrada tzv. Internacionalne lige humanista najve\u0107im dr\u017eavnim funkcionerima, do\u017eivio takvu torturu kakva se de\u0161avala jedino kod Staljinovog policajca Berije. No, drago mi je ako su se policijski metodi na \u010delu sa istim direktorom policije promjenili i ako je on postao profesionalac, patriota &#8211; koji brani dr\u017eavu od njenih neprijatelja poput mene.<\/p>\n<p>Na saslu\u0161anju kod tu\u017eioca, poslije vi\u0161e od 15.00 sati psihofizi\u010dkog iscrpljivanja u Centru bezbjednosti, nijesam mogao da dam izjavu u punom intelektualnom kapacitetu, \u0161to sam i saop\u0161tio tu\u017eiteljki.<\/p>\n<p>Tra\u017eim od Savjeta za gra\u0111ansku kontrolu rada policije da hitno provjeri sve navode iz mog Prigovora, preduzme mjere iz svoje nadle\u017enosti ako su moji navodi ta\u010dni, te me o svemu obavijesti putem e-maila.<\/p>\n<p>Gra\u0111anin,<\/p>\n<p>Omer \u0160arki\u0107,<\/p>\n<p>&nbsp;<\/p>\n<p><strong>Napomena: Obavje\u0161tavam vas da \u0107e ovaj prigovor, po\u0161to vam bude uru\u010den, biti javno publikovan na mome blogu, koji imam na portalu www.pcnen.com<\/strong><\/p>\n","protected":false},"excerpt":{"rendered":"<p>Pi\u0161e: Omer \u0160arki\u0107<\/p>\n","protected":false},"author":12,"featured_media":286086,"comment_status":"open","ping_status":"closed","sticky":false,"template":"","format":"standard","meta":{"_seopress_robots_primary_cat":"","_seopress_titles_title":"","_seopress_titles_desc":"","_seopress_robots_index":"","_et_pb_use_builder":"","_et_pb_old_content":"","_et_gb_content_width":"","inline_featured_image":false,"footnotes":""},"categories":[17],"tags":[],"class_list":["post-294765","post","type-post","status-publish","format-standard","has-post-thumbnail","hentry","category-blogovi"],"_links":{"self":[{"href":"https:\/\/www.pcnen.com\/portal\/wp-json\/wp\/v2\/posts\/294765","targetHints":{"allow":["GET"]}}],"collection":[{"href":"https:\/\/www.pcnen.com\/portal\/wp-json\/wp\/v2\/posts"}],"about":[{"href":"https:\/\/www.pcnen.com\/portal\/wp-json\/wp\/v2\/types\/post"}],"author":[{"embeddable":true,"href":"https:\/\/www.pcnen.com\/portal\/wp-json\/wp\/v2\/users\/12"}],"replies":[{"embeddable":true,"href":"https:\/\/www.pcnen.com\/portal\/wp-json\/wp\/v2\/comments?post=294765"}],"version-history":[{"count":2,"href":"https:\/\/www.pcnen.com\/portal\/wp-json\/wp\/v2\/posts\/294765\/revisions"}],"predecessor-version":[{"id":294769,"href":"https:\/\/www.pcnen.com\/portal\/wp-json\/wp\/v2\/posts\/294765\/revisions\/294769"}],"wp:featuredmedia":[{"embeddable":true,"href":"https:\/\/www.pcnen.com\/portal\/wp-json\/wp\/v2\/media\/286086"}],"wp:attachment":[{"href":"https:\/\/www.pcnen.com\/portal\/wp-json\/wp\/v2\/media?parent=294765"}],"wp:term":[{"taxonomy":"category","embeddable":true,"href":"https:\/\/www.pcnen.com\/portal\/wp-json\/wp\/v2\/categories?post=294765"},{"taxonomy":"post_tag","embeddable":true,"href":"https:\/\/www.pcnen.com\/portal\/wp-json\/wp\/v2\/tags?post=294765"}],"curies":[{"name":"wp","href":"https:\/\/api.w.org\/{rel}","templated":true}]}}