{"id":294125,"date":"2020-06-21T15:49:05","date_gmt":"2020-06-21T13:49:05","guid":{"rendered":"https:\/\/www.pcnen.com\/portal\/?p=294125"},"modified":"2020-06-21T19:48:03","modified_gmt":"2020-06-21T17:48:03","slug":"covid-19-na-crnogorski-nacin","status":"publish","type":"post","link":"https:\/\/www.pcnen.com\/portal\/2020\/06\/21\/covid-19-na-crnogorski-nacin\/","title":{"rendered":"Covid &#8211; 19 na crnogorski na\u010din"},"content":{"rendered":"<p>Covid \u2013 19 je opasna zarazna bolest koja se u koncentri\u010dnim krugovima veoma brzo \u0161iri i mo\u017ee potpuno razoriti dru\u0161tvo. Kada se pojavi i uo\u010di klaster, javnost se najprije upla\u0161i, pokrenu se mjere izolacije i suzbijanja zaraze. Mora se reagovati brzo i efikasno, jer ako se zaraza ra\u0161iri, kompletna zajednica je u ogromnom problemu. Najgora situacija je kad se ljudi naviknu na bolest, postane im svejedno, pa vi\u0161e ne preduzimaju nikakve mjere za\u0161tite, mire\u0107i se sa sudbinom i \u010dekaju\u0107i trenutak da se i sami zaraze i osjete posljedice tog \u201enevidljivog neprijatelja\u201c. Da bi se bolest suzbila, osim \u0161to gra\u0111ani moraju imati samodisciplinu, dru\u0161tvo mora imati dobro zdravstvo i doktore profesionalce, kojim vjeruju, kao i Vladu.<\/p>\n<p>Mi, takvih, na\u017ealost, nemamo.<\/p>\n<p>Covid \u2013 19 je kao korupcija i nepotizam. Oni se \u0161ire na isti na\u010din. U Crnoj Gori klasteri korupcije i nepotizma su se pojavili prije skoro 30 godina. Tada nijesmo reagovali zauzeti odbranom u \u00a0\u201enametnutom nam ratu\u201c i brane\u0107i \u201eugro\u017eeno srpstvo\u201c. Klasteri su prenosili bolest koja se neometano \u0161irila i sad je cijelo dru\u0161tvo potpuno zara\u017eeno, tj. bolesno.<\/p>\n<p>Prvi klaster, onaj politi\u010dki \u2013 koji je najopasniji, bio je Milo \u0110ukanovi\u0107. Zarazu je prenio najprije na partiju, zatim brata, sestru, tada\u0161njeg zeta, kumove, prijatelje, \u0161kolske drugove, pa na sina kada je stasao. Od tog klastera su se izrodili klasteri u sudstvu, policiji, tu\u017eila\u0161tvu, \u0161kolstvu, zdravstvu, svim dr\u017eavnim ustanovama, privredi, mafiji (onoj pravoj), opoziciji&#8230; \u2013 tako da je zaraza korupcije i nepotizma u\u0161la u svaku poru dru\u0161tva i potpuno ga zarazila.<\/p>\n<p>Neizolovani klaster je tokom trideset godina, u desetak mandata na najodgovornijim pozicijama, stalno \u0161irio zarazu. Raspu\u0161teno dru\u0161tvo, bez discipline i bilo kakvih mjera izolacije, prenosilo ga je dalje.<\/p>\n<p>Klaster korupcije i nepotizma u sudstvu i tu\u017eila\u0161tvu nam je prenijela Vesna Medenica, u dva mandata na poziciji VDT-a, da bi potom u tri mandata bila predsjednica Vrhovnog suda.<\/p>\n<p>Klaster u vidu Gorana Sita Rako\u010devi\u0107a \u2013 \u0110ukanovi\u0107evog kuma, poznatog ratnog hu\u0161ka\u010da iz 90-tih, poslanika, ambasadora, direktora RTCG, i ne znam \u0161to sve ne, prene\u0161en je \u010dak na njegovog sina, koji je, \u010dim je stasao, postao poslanik u dr\u017eavnom parlamentu.<\/p>\n<p>Sli\u010dna stvar je sa Rankom \u010carapi\u0107, tako\u0111e biv\u0161om VDT, \u010diji suprug je za vrijeme njenog mandata postao uvijek pobjednik tendera, a sada, kada je medicinski Covid \u2013 19 uzeo maha, njen sin je postao glavni pobjednik tendera, koji se, zbog totalno zara\u017eenog dru\u0161tva, zavr\u0161io za samo 24 sata.<\/p>\n<p>U Centralnu banku, na \u010delu sa guvernerom \u017dugi\u0107em, rade, npr. isklju\u010divo \u010dlanovi porodica zara\u017eenih od virusa nepotizma i korupcije. \u010cak je i Ombudsman bio klaster \u2013 \u0161to je nezamislivo, tako da je cijela u\u017ea porodica Bakovi\u0107 zauzela visoke polo\u017eaja u dr\u017eavnoj upravi, odnosno policiji. Porodica Vukovi\u0107, \u010duvenog ustavotvorca i vje\u010ditog poslanika Mi\u0161ka \u2013 tako\u0111e, zatim porodica Jeli\u0107&#8230; I tako bih mogao do sjutra.<\/p>\n<p>Znakovi raspoznavanja klastera korupcije i nepotizma su, po pravilu, izuzetno skupi satovi koji su im na ruci. Da imamo doktora, onih pravih a ne la\u017enih, po satovima bi prepoznali nosioce ove zaraze i izolavali bi ih na dug period.<\/p>\n<p><span class=\"_5yl5\">Oni koji su me\u0111u prvima trebali da se suprostave toj zarazi \u2013 opozicija, tako\u0111e je zara\u017eena. Klaster u opozicji nekog vida politi\u010dke korupcije bio je Predrag Bulatovi\u0107<\/span>, koji je, mislim, deset mandata poslanik. Sad \u0107e, vjerujem, tra\u017eiti jedanaesti. Mandi\u0107, Medojevi\u0107, Radulovi\u0107, Bo\u0161njak&#8230; gaze svoj, mislim, \u010detvrti ili peti mandat (ko \u0107e to vi\u0161e znati?), tra\u017ei\u0107e peti ili \u0161esti. Danilovi\u0107, tako\u0111e, ali kako je ispao iz strana\u010dke strukture koja bi mu ga mogla garantovati, postao je najagilniji kolumnista Vijesti. Klaster zvani Krivokapi\u0107, poslanik je bio u \u0161est ili sedam mandata. I on \u0107e tra\u017eiti jo\u0161 jedan.<\/p>\n<p>U ovakvom, totalno zara\u017eenom dru\u0161tvu, gdje su klasteri zaraze na sve strane, na dan izbora se treba dobro zatvoriti u ku\u0107u, ne izlaziti nigdje i staviti masku preko lica \u2013 ako ve\u0107 i sami nijeste zara\u017eeni. Ako jeste \u2013 glasajte.<\/p>\n","protected":false},"excerpt":{"rendered":"<p>Pi\u0161e: Omer \u0160ARKI\u0106<\/p>\n","protected":false},"author":12,"featured_media":286086,"comment_status":"open","ping_status":"closed","sticky":false,"template":"","format":"standard","meta":{"_seopress_robots_primary_cat":"","_seopress_titles_title":"","_seopress_titles_desc":"","_seopress_robots_index":"","_et_pb_use_builder":"","_et_pb_old_content":"","_et_gb_content_width":"","inline_featured_image":false,"footnotes":""},"categories":[17],"tags":[],"class_list":["post-294125","post","type-post","status-publish","format-standard","has-post-thumbnail","hentry","category-blogovi"],"_links":{"self":[{"href":"https:\/\/www.pcnen.com\/portal\/wp-json\/wp\/v2\/posts\/294125","targetHints":{"allow":["GET"]}}],"collection":[{"href":"https:\/\/www.pcnen.com\/portal\/wp-json\/wp\/v2\/posts"}],"about":[{"href":"https:\/\/www.pcnen.com\/portal\/wp-json\/wp\/v2\/types\/post"}],"author":[{"embeddable":true,"href":"https:\/\/www.pcnen.com\/portal\/wp-json\/wp\/v2\/users\/12"}],"replies":[{"embeddable":true,"href":"https:\/\/www.pcnen.com\/portal\/wp-json\/wp\/v2\/comments?post=294125"}],"version-history":[{"count":5,"href":"https:\/\/www.pcnen.com\/portal\/wp-json\/wp\/v2\/posts\/294125\/revisions"}],"predecessor-version":[{"id":294150,"href":"https:\/\/www.pcnen.com\/portal\/wp-json\/wp\/v2\/posts\/294125\/revisions\/294150"}],"wp:featuredmedia":[{"embeddable":true,"href":"https:\/\/www.pcnen.com\/portal\/wp-json\/wp\/v2\/media\/286086"}],"wp:attachment":[{"href":"https:\/\/www.pcnen.com\/portal\/wp-json\/wp\/v2\/media?parent=294125"}],"wp:term":[{"taxonomy":"category","embeddable":true,"href":"https:\/\/www.pcnen.com\/portal\/wp-json\/wp\/v2\/categories?post=294125"},{"taxonomy":"post_tag","embeddable":true,"href":"https:\/\/www.pcnen.com\/portal\/wp-json\/wp\/v2\/tags?post=294125"}],"curies":[{"name":"wp","href":"https:\/\/api.w.org\/{rel}","templated":true}]}}