{"id":294075,"date":"2020-06-21T13:31:18","date_gmt":"2020-06-21T11:31:18","guid":{"rendered":"https:\/\/www.pcnen.com\/portal\/?p=294075"},"modified":"2020-06-21T13:39:14","modified_gmt":"2020-06-21T11:39:14","slug":"veceras-litije-u-vise-gradova-crne-gore","status":"publish","type":"post","link":"https:\/\/www.pcnen.com\/portal\/2020\/06\/21\/veceras-litije-u-vise-gradova-crne-gore\/","title":{"rendered":"Ve\u010deras litije u vi\u0161e gradova Crne Gore"},"content":{"rendered":"<p>Molebani i litije \u0107e se odr\u017eati i u Nik\u0161i\u0107u, Baru, Kotoru, \u017dabljaku, Beranama Plu\u017einama, Danilogradu, Pljevljima, gdje \u0107e litiju predvoditi rektor Cetinjske bogoslovije Gojko Perovi\u0107.<\/p>\n<p>Policija u Kola\u0161inu <a href=\"https:\/\/www.pcnen.com\/portal\/2020\/06\/19\/zabranjena-nedjeljna-litiju-u-kolasinu-prijavili-vise-od-200-gradana\/\">nije dozvolila odr\u017eavanje litije<\/a>, navode\u0107i kao razlog prijavljivanje vi\u0161e od 200 u\u010desnika, sto nije u skladu sa mjerama Nacionalnog koordinacionog tijela za zarazne bolesti.<\/p>\n<p>Mitropolit Amfilhije je pozvao u\u010desnike <a href=\"https:\/\/www.pcnen.com\/portal\/2020\/06\/20\/amfilohije-u-litijama-se-pridrzavati-zdravstvenih-mjera-tuzilastvo-i-policija-da-ne-krse-ljudska-prava\/\">molitvenih litija da se pridr\u017eavaju zdravstvenih mjera.<\/a><\/p>\n<p><em>Litije se u Crnoj Gori odr\u017eavaju povodom dono\u0161enja Zakona o slobodi vjeroispovjesti, odnosno odredbi kojima se utvr\u0111uju imovinska prava dr\u017eave nad vjerskim objektima koji su bili imovina dr\u017eave prije 1918. a nijesu na odgovaraju\u0107i na\u010din pre\u0161le u svojinu vjerske zajednice.<\/em><\/p>\n<p><em>Litije su od Bo\u017ei\u0107a organizovane \u010detvrtkom i nedjeljom. U martu su obustavljene zbog pandemije koronavirusa, a nastavljene su pro\u0161le nedjelje.<\/em><\/p>\n","protected":false},"excerpt":{"rendered":"<p>U vi\u0161e gradova u Crnoj Gori ve\u010deras \u0107e biti odr\u017eane litije, koju \u0107e u Podgorici predvoditi mitropolit crnogorsko primorski Amfilohije, a u Budvi vladika Joanikije.<\/p>\n","protected":false},"author":1,"featured_media":294076,"comment_status":"open","ping_status":"closed","sticky":false,"template":"","format":"standard","meta":{"_seopress_robots_primary_cat":"","_seopress_titles_title":"","_seopress_titles_desc":"","_seopress_robots_index":"","_et_pb_use_builder":"","_et_pb_old_content":"","_et_gb_content_width":"","inline_featured_image":false,"footnotes":""},"categories":[14],"tags":[],"class_list":["post-294075","post","type-post","status-publish","format-standard","has-post-thumbnail","hentry","category-vijesti"],"_links":{"self":[{"href":"https:\/\/www.pcnen.com\/portal\/wp-json\/wp\/v2\/posts\/294075","targetHints":{"allow":["GET"]}}],"collection":[{"href":"https:\/\/www.pcnen.com\/portal\/wp-json\/wp\/v2\/posts"}],"about":[{"href":"https:\/\/www.pcnen.com\/portal\/wp-json\/wp\/v2\/types\/post"}],"author":[{"embeddable":true,"href":"https:\/\/www.pcnen.com\/portal\/wp-json\/wp\/v2\/users\/1"}],"replies":[{"embeddable":true,"href":"https:\/\/www.pcnen.com\/portal\/wp-json\/wp\/v2\/comments?post=294075"}],"version-history":[{"count":6,"href":"https:\/\/www.pcnen.com\/portal\/wp-json\/wp\/v2\/posts\/294075\/revisions"}],"predecessor-version":[{"id":294124,"href":"https:\/\/www.pcnen.com\/portal\/wp-json\/wp\/v2\/posts\/294075\/revisions\/294124"}],"wp:featuredmedia":[{"embeddable":true,"href":"https:\/\/www.pcnen.com\/portal\/wp-json\/wp\/v2\/media\/294076"}],"wp:attachment":[{"href":"https:\/\/www.pcnen.com\/portal\/wp-json\/wp\/v2\/media?parent=294075"}],"wp:term":[{"taxonomy":"category","embeddable":true,"href":"https:\/\/www.pcnen.com\/portal\/wp-json\/wp\/v2\/categories?post=294075"},{"taxonomy":"post_tag","embeddable":true,"href":"https:\/\/www.pcnen.com\/portal\/wp-json\/wp\/v2\/tags?post=294075"}],"curies":[{"name":"wp","href":"https:\/\/api.w.org\/{rel}","templated":true}]}}