{"id":294056,"date":"2020-06-20T16:54:45","date_gmt":"2020-06-20T14:54:45","guid":{"rendered":"https:\/\/www.pcnen.com\/portal\/?p=294056"},"modified":"2020-06-20T16:54:45","modified_gmt":"2020-06-20T14:54:45","slug":"amfilohije-u-litijama-se-pridrzavati-zdravstvenih-mjera-tuzilastvo-i-policija-da-ne-krse-ljudska-prava","status":"publish","type":"post","link":"https:\/\/www.pcnen.com\/portal\/2020\/06\/20\/amfilohije-u-litijama-se-pridrzavati-zdravstvenih-mjera-tuzilastvo-i-policija-da-ne-krse-ljudska-prava\/","title":{"rendered":"Amfilohije: U litijama se pridr\u017eavati zdravstvenih mjera, tu\u017eila\u0161tvo i policija da ne kr\u0161e ljudska prava"},"content":{"rendered":"<p>Mitropolit crnogorsko primorski Amfilohije je pozvao vjernike i ostale u\u010desnike litija da se na molitvenim skupovima i u svakodnevnom \u017eivotu pridr\u017eavaju zdravstvenih mjera koje je propisao Institut za javno zdravlje, a Dr\u017eavno tu\u017eila\u0161tvo i Upravu policije, ali i druge nadle\u017ene organe, da se prije i poslije litija pona\u0161aju zakonito.<\/p>\n<p>&#8220;Kraj \u0107ivota Svetog Petra Cetinjskog, istinskog dr\u017eavotvorca i mirotvorca, upu\u0107ujemo i poziv Dr\u017eavnom tu\u017eila\u0161tvu i Upravi policije, kao i drugim nadle\u017enim organima, da se prije i poslije litija pona\u0161aju zakonito i da ne donose, kao pro\u0161le nedjelje i ranije, nezakonite akte protiv sve\u0161tenstva, mona\u0161tva i vjernog naroda zbog u\u010de\u0161\u0107a na litijama. Oni su du\u017eni da za\u0161tite, a ne da kr\u0161e Ustavom zagarantovana ljudska prava i slobode&#8221;, pi\u0161e u saop\u0161tenju <a href=\"https:\/\/mitropolija.com\/2020\/06\/20\/mitropolit-amfilohije-u-litijama-da-se-pridrzavamo-zdravstvenih-mjera-tuzilastvo-i-policija-da-ne-krse-ljudska-prava-svestenstva-i-vjernika\/\">objavljenom na sajtu Mitropolije.<\/a><\/p>\n<p>&#8220;Obnovili smo svenarodne litije sa molitvama za zdravlje, spasenje i napredak Crne Gore i svega svijeta, na iscjeljenje od koronavirusa, ali i od jo\u0161 dugotrajnijeg i opasnijeg virusa bogomr\u017enje i bratomr\u017enje, uz to i sa zahtjevom da se, uklanjanjem spornih anticrkvenih odredbi Zakona o slobodi vjeroispovijesti, iz pravnog poretka Crne Gore sprije\u010de nasilje i nepravda prema Crkvi i svenarodnim Svetinjama, kao i elementarnim vjerskim pravima&#8221;, kazao je Amfilohije.<\/p>\n","protected":false},"excerpt":{"rendered":"<p>Pozivamo Dr\u017eavno tu\u017eila\u0161tvo i Upravu policije, ali i druge nadle\u017ene organe, da se prije i poslije litija pona\u0161aju zakonito.<\/p>\n","protected":false},"author":1,"featured_media":0,"comment_status":"open","ping_status":"closed","sticky":false,"template":"","format":"standard","meta":{"_seopress_robots_primary_cat":"","_seopress_titles_title":"","_seopress_titles_desc":"","_seopress_robots_index":"","_et_pb_use_builder":"","_et_pb_old_content":"","_et_gb_content_width":"","inline_featured_image":false,"footnotes":""},"categories":[14],"tags":[],"class_list":["post-294056","post","type-post","status-publish","format-standard","hentry","category-vijesti"],"_links":{"self":[{"href":"https:\/\/www.pcnen.com\/portal\/wp-json\/wp\/v2\/posts\/294056","targetHints":{"allow":["GET"]}}],"collection":[{"href":"https:\/\/www.pcnen.com\/portal\/wp-json\/wp\/v2\/posts"}],"about":[{"href":"https:\/\/www.pcnen.com\/portal\/wp-json\/wp\/v2\/types\/post"}],"author":[{"embeddable":true,"href":"https:\/\/www.pcnen.com\/portal\/wp-json\/wp\/v2\/users\/1"}],"replies":[{"embeddable":true,"href":"https:\/\/www.pcnen.com\/portal\/wp-json\/wp\/v2\/comments?post=294056"}],"version-history":[{"count":1,"href":"https:\/\/www.pcnen.com\/portal\/wp-json\/wp\/v2\/posts\/294056\/revisions"}],"predecessor-version":[{"id":294057,"href":"https:\/\/www.pcnen.com\/portal\/wp-json\/wp\/v2\/posts\/294056\/revisions\/294057"}],"wp:attachment":[{"href":"https:\/\/www.pcnen.com\/portal\/wp-json\/wp\/v2\/media?parent=294056"}],"wp:term":[{"taxonomy":"category","embeddable":true,"href":"https:\/\/www.pcnen.com\/portal\/wp-json\/wp\/v2\/categories?post=294056"},{"taxonomy":"post_tag","embeddable":true,"href":"https:\/\/www.pcnen.com\/portal\/wp-json\/wp\/v2\/tags?post=294056"}],"curies":[{"name":"wp","href":"https:\/\/api.w.org\/{rel}","templated":true}]}}