{"id":293343,"date":"2020-06-12T23:58:54","date_gmt":"2020-06-12T21:58:54","guid":{"rendered":"https:\/\/www.pcnen.com\/portal\/?p=293343"},"modified":"2020-06-12T23:58:54","modified_gmt":"2020-06-12T21:58:54","slug":"tribina-crnoj-gori-neophodan-dijalog-oko-pitanja-crkve","status":"publish","type":"post","link":"https:\/\/www.pcnen.com\/portal\/2020\/06\/12\/tribina-crnoj-gori-neophodan-dijalog-oko-pitanja-crkve\/","title":{"rendered":"Tribina: Crnoj Gori neophodan dijalog oko pitanja crkve"},"content":{"rendered":"<p>&#8220;Crkva mi djeluje mnogo evropskije kao da se ona sada nalazi u procesu integracija sa Evropskom unijom, nego politi\u010dari koji se kunu u evropske standarde, a koji podvaljuju na jedan primitivan, srednjevjekovan na\u010din,\u201c kazao je Leki\u0107, <a href=\"http:\/\/www.prcentar.me\/clanak\/crnoj-gori-neophodan-dijalog-oko-pitanja-crkve\/1235\">prenosi PR centar.<\/a><\/p>\n<p>\u201cSrpska pravoslavna crkva nije najprimjereniji naziv za jednu prasvoslavnu crkvu, kao \u0161to nije ni ruska, ni bugarska. Ali nije na politi\u010darima da rje\u0161avaju kako da prevazi\u0111emo te nacionalne nazive i kako \u0107emo do\u0107i do naziva i konstitucije crkve koja nas ne\u0107e nacionalno optere\u0107ivati. To je osnovni problem. Neko je krenuo to da rje\u0161ava, a ne zna ni\u0161ta ni o politici a kamo li o crkvi,\u201d kazao je Perovi\u0107.<\/p>\n<p>\u201cOnog momenta kada je premijer rekao da litije predstavljaju opasnost za zdravlje, a okupljanje povodom Dana nezavisnosti ne predstavlja opasnost po zdravlje, ti eksperti i ti predstavnici nauke su \u0107utali,\u201d kazao je Popovi\u0107.<\/p>\n<p>Na taj na\u010din su se svi zajedno narugali Ustavu i na\u010delu diskriminacije, zaklju\u010dio je Popovi\u0107.<\/p>\n<p>&nbsp;<\/p>\n","protected":false},"excerpt":{"rendered":"<p>U PR centru je ve\u010deras odr\u017eana tribina na temu &#8220;Religija, filosofija i nauka u 21. vijeku&#8221;, na kojoj su govorili predsjednik DEMOS-a Miodrag Leki\u0107, rektor Cetinjske bogoslovije Gojko Perovi\u0107 i profesor na Univerzitetu Crne Gore Milan Popovi\u0107.<\/p>\n","protected":false},"author":1,"featured_media":0,"comment_status":"open","ping_status":"closed","sticky":false,"template":"","format":"standard","meta":{"_seopress_robots_primary_cat":"","_seopress_titles_title":"","_seopress_titles_desc":"","_seopress_robots_index":"","_et_pb_use_builder":"","_et_pb_old_content":"","_et_gb_content_width":"","inline_featured_image":false,"footnotes":""},"categories":[14],"tags":[],"class_list":["post-293343","post","type-post","status-publish","format-standard","hentry","category-vijesti"],"_links":{"self":[{"href":"https:\/\/www.pcnen.com\/portal\/wp-json\/wp\/v2\/posts\/293343","targetHints":{"allow":["GET"]}}],"collection":[{"href":"https:\/\/www.pcnen.com\/portal\/wp-json\/wp\/v2\/posts"}],"about":[{"href":"https:\/\/www.pcnen.com\/portal\/wp-json\/wp\/v2\/types\/post"}],"author":[{"embeddable":true,"href":"https:\/\/www.pcnen.com\/portal\/wp-json\/wp\/v2\/users\/1"}],"replies":[{"embeddable":true,"href":"https:\/\/www.pcnen.com\/portal\/wp-json\/wp\/v2\/comments?post=293343"}],"version-history":[{"count":1,"href":"https:\/\/www.pcnen.com\/portal\/wp-json\/wp\/v2\/posts\/293343\/revisions"}],"predecessor-version":[{"id":293345,"href":"https:\/\/www.pcnen.com\/portal\/wp-json\/wp\/v2\/posts\/293343\/revisions\/293345"}],"wp:attachment":[{"href":"https:\/\/www.pcnen.com\/portal\/wp-json\/wp\/v2\/media?parent=293343"}],"wp:term":[{"taxonomy":"category","embeddable":true,"href":"https:\/\/www.pcnen.com\/portal\/wp-json\/wp\/v2\/categories?post=293343"},{"taxonomy":"post_tag","embeddable":true,"href":"https:\/\/www.pcnen.com\/portal\/wp-json\/wp\/v2\/tags?post=293343"}],"curies":[{"name":"wp","href":"https:\/\/api.w.org\/{rel}","templated":true}]}}