{"id":292633,"date":"2020-06-02T21:25:39","date_gmt":"2020-06-02T19:25:39","guid":{"rendered":"https:\/\/www.pcnen.com\/portal\/?p=292633"},"modified":"2020-06-02T21:41:30","modified_gmt":"2020-06-02T19:41:30","slug":"odgovor-gospodinu-andriji-mandicu","status":"publish","type":"post","link":"https:\/\/www.pcnen.com\/portal\/2020\/06\/02\/odgovor-gospodinu-andriji-mandicu\/","title":{"rendered":"Odgovor gospodinu Andriji Mandi\u0107u"},"content":{"rendered":"<blockquote><p><strong>Gospodin Andrija Mandi\u0107 je danas u tzv. Skup\u0161tini rekao slede\u0107e (izvor: Borba.me):<\/strong><\/p>\n<p><strong>MANDI\u0106 PORU\u010cIO POKRETU \u201eODUPRI SE\u201c: MI BRANIMO CRKVU. VI \u0106UTITE I NIJESTE NAM VI\u0160E PARTNERI<\/strong><\/p>\n<p><strong>\u201cOvi \u0161to nas sa\u010dekuju ovih dana ispred Skup\u0161tine iz raznih pokreta koji ne postoje da im ka\u017eemo da je vododjelnica za nas kao opoziciju, a posebno za nas iz DF-a onaj odnos prema zakonu 26. decembra nave\u010de u ovom parlamentu, kada smo hap\u0161eni, progonjeni, vo\u017eeni maricama. Svi oni koji su glasali tada, mislim i na SDP, a koji su sa nama prethodno ne\u0161to potpisivali navodno u borbi protiv re\u017eima, to nam vi\u0161e nisu partneri\u201d, rekao je Mandi\u0107.<\/strong><\/p>\n<p><strong>On je kazao da ne zna koga pokret \u201cOdupri se\u201d predstavlja, a da ih sa\u010dekuju \u201cda nam ponude neke papire, a nisu stali uz nas\u201d<\/strong><\/p><\/blockquote>\n<p>Ne\u0107u re\u0107i da je gospodin Mandi\u0107 \u201cnajve\u0107i izdajnik opozicije, ikad\u201d, iako je upravo to njegov opozicioni savez svojevremeno poru\u010dio \u2013 da onaj ko u\u0111e u Sin\u0111in paralament najve\u0107i je izdajnik opozicije, ikad. Izlaganje gospodina Mandi\u0107a nijesam pratio, jer, za mene, osim \u0161to je taj parlament nelegitiman i la\u017ean, rasprave su ispod svakog nivoa i dostojanstva. Li\u010di mi na Pinkovu farmu ili zadrugu.<\/p>\n<p>Ubrzo poslije po\u010detka gra\u0111anskih protesta &#8216;Odupri se&#8217;, svi smo manje-vi\u0161e shvatili ko iz opozicije proteste podr\u017eava a ko radi protiv njih. Zbog \u201cmira u ku\u0107i\u201d i da ne bi bili optu\u017eeni da ru\u0161imo jedinstvo, (ne)mudro smo \u0107utali. Tako smo, ipak, uspjeli da do zla Boga posva\u0111anu opoziciju sjednemo za isti sto. Pod pritiskom gra\u0111ana, a ne nas, potpisali su Sporazum o budu\u0107nosti. Jedan dio opozicije o\u010digledno nevoljno.<\/p>\n<p>Ta\u010dka Sporazuma, koja je pod pritiskom dijela opozicije iz njega izba\u010dena \u2013 kao uslov da bi bio potpisan &#8211; bila je obaveza svih na totalni bojkot Parlamenta. Istog onog Parlamenta koji je \u201cSin\u0111in\u201d, i u koji, onaj ko u\u0111e, \u201cnajve\u0107i je izdajnik, ikad\u201d. Gospodin Branko Radulovi\u0107 nam je tada u ime DF-a dao svoju \u010dasnu rije\u010d \u201ca svi u Crnoj Gori znaju \u0161to zna\u010di kada ja dam svoju \u010dasnu rije\u010d\u201d, da \u0107e DF bojkovati Parlament sve do eventualne osu\u0111uju\u0107e presude za tzv.dr\u017eavni udar. Sporazum je potpisan 30. marta, presuda za tzv.dr\u017eavni udar donijeta je 9. maja, a samo tri dana nakon ovog obe\u0107anja datog pred svim opozicionim liderima, DF je u\u0161ao u Skup\u0161tinu. Na dnevnom redu je bio Zakon o kozmeti\u010dkim proizvodima!<\/p>\n<p>U aprilu su protesti po\u010deli da gube na masovnosti. \u0160ansa za obnavljanje energije i masovnosti je bio 9. maj \u2013 dan kada se donosi presuda liderima Fronta za tzv. dr\u017eavni udar i Dan Evrope. Nekoliko dana pred ve\u0107 zakazani protest, na sastanku predstavnika gra\u0111anskog protesta &#8216;Odupri se&#8217; i lidera opozicije, DF je ultimativno i beskompromisno tra\u017eio od nas da otka\u017eemo protest, jer \u0107e ga, ako presuda bude osu\u0111uju\u0107a, organizovati oni, \u201cna na\u010din dijametralno suprotan od na\u0161eg &#8211; za \u0161to preuzimaju punu odgovornost\u201d. Pri takvom stanju stvari nijesmo imali kud. Otkazali smo protest. Kao predstavnici pokreta na tom sastanku, D\u017eemal Perovi\u0107, Nikola Grdini\u0107 i ja smo pretrpjeli, opravdane, o\u0161tre kritike od \u010dlanova Organizacionog tima protesta, zato \u0161to smo popustili pod pritiskom. Neki su tra\u017eili da, uprkos obe\u0107anju datom liderima Fronta, ipak orgaizujemo protest. Odbrana nam je bila da smo im dali rije\u010d i da je moramo ispo\u0161tovati!<\/p>\n<p>Umjesto \u201cvelikog protesta i haosa\u201d, Demokratski Front je tog 9. maja izdao par o\u0161trih saop\u0161tenja \u2013 i na tome se sve zavr\u0161ilo.<\/p>\n<p>Krajem septembra pro\u0161le godine najavili smo nastavak protesta. Istog dana kada je iza\u0161ao tekst u Vijestima, gospodin Mandi\u0107 je sa govornice Sin\u0111ine Skup\u0161tine poru\u010dio da su protesti &#8216;Odupri se&#8217; propali i da DF sa ostalom opozicijom kre\u0107e u velike i masovne proteste. Time je, svjesno ili nesvjesno, uz sve na\u0161e gre\u0161ke, zadao zavr\u0161ni udarac gra\u0111anskim protestima. Jer, ako poslije ljetnje pauze krenemo sa njima a ne uspijemo, bi\u0107emo \u201cudba\u0161i koji ru\u0161e najavljene proteste DF-a i opozicije\u201d.<\/p>\n<p>Pro\u0161ao je oktobar, novembar, decembar \u2013 najavljenih protesta nije bilo. Izgovor je bio da di\u017eu strana\u010dku infrastrukturu za proteste!<\/p>\n<p>Na\u0161a \u201cinfrastruktura\u201d(\u0161est osoba koje su pokrenile prvi protest) se digla za sedam dana, a bud\u017eet nam je bio 230.00 eura.<\/p>\n<p>Poslije najave usvajanja kontroverznog Zakona o slobodi vjeroispovijesti krajem pro\u0161le godine, DF je obe\u0107ao samospaljivanje ako Zakon bude usvojen. Doista mi je drago \u0161to su to obe\u0107anje prekr\u0161ili.<\/p>\n<p>Ovo je veoma kratka, najkra\u0107a retrospektiva de\u0161avanja sa i oko protesta.<\/p>\n<p>Pikanterije sa sastanaka i na\u010dinima \u201cpodr\u0161ke\u201d gra\u0111anskim protestima jo\u0161 ne\u0107u iznositi.<\/p>\n<p>Sad da pre\u0111em na konkretan odgovor gospodinu Mandi\u0107u.<\/p>\n<blockquote><p><strong>\u201cOvi \u0161to nas sa\u010dekuju ovih dana ispred Skup\u0161tine iz raznih pokreta koji ne postoje\u2026\u201d<\/strong><\/p><\/blockquote>\n<p>Gospodine Mandi\u0107u,<\/p>\n<p>Niko Vas iz &#8216;Odupri se&#8217; nije presretao pred tzv. Skup\u0161tinom. Zvani\u010dan poziv za sastanak Vam je kao i svima upu\u0107en mejlom. Ne porukom, ne telefonski, ve\u0107 mejlom. Niko od nas nije bio ispred Skup\u0161tine da Vam bilo \u0161to uru\u010di ili Vas moli za ne\u0161to.<\/p>\n<p>A znate za\u0161to Vam je poziv, kao i svima&#8217; upu\u0107en zvani\u010dno, mejlom?<\/p>\n<p>Zato jer ste i za vrijeme protesta, kada se situacija mijenjala iz \u010dasa u \u010das, sve radilo na brzinu i ad-hok, bez trenutka predaha, bez sekretara i sekretarica, Vi tra\u017eili da uvijek budete kontaktirani zvani\u010dno i makar par dana unaprijed. Na frontu, u odsutnim bitkama, takvi zahtjevi generala zna\u010de siguran poraz u bici.<\/p>\n<blockquote><p><strong>\u201c\u2026a posebno za nas iz DF-a onaj odnos prema zakonu 26. decembra nave\u010de u ovom parlmentu, kada smo hap\u0161eni, progonjeni, vo\u017eeni maricama. Svi oni koji su glasali tada, mislim i na SDP, a koji su sa nama prethodno ne\u0161to potpisivali navodno u borbi protiv re\u017eima, to nam vi\u0161e nisu partneri\u201d<\/strong><\/p><\/blockquote>\n<p>Gospodine Mandi\u0107u,<\/p>\n<p>Mi kao gra\u0111ani ne mo\u017eemo uticati na postupke SDP-a, Demokrata, pokreta URA, Vas ili bilo kojeg politi\u010dkog subjekta u tzv. Skup\u0161tini ili van nje. Tako da nije u redu da nama prebacujete nesporazume Va\u0161eg saveza sa SDP-om ili bilo kojom drugom partijom ili pojedincem \u2013 potpisnikom Sporazuma. U istoj re\u010denici nas podcjenjujete i precjenjujete.<\/p>\n<p>A u 2 sata ujutro mnogi od nas bili su u krevetu jer iz poznatih razloga ne pratimo tzv. Skup\u0161tinu. Ono \u0161to ste Vi i Va\u0161 savez uradili to ve\u010de i jutro bilo je ispod svakog nivoa. Mnogi, pa i ja, kada smo sjutradan vidjeli \u0161to se desilo, shvatili smo to kao lo\u0161e izre\u017eiranu predstava za javnost radi prikupljanja jeftinih politi\u010dkih poena na ra\u010dun Crkve, tj. kontroverznog Zakona. O\u010dekivati da se mi organizujemo u gluvo doba no\u0107i i napravimo proteste prije Va\u0161ih 80.000 pristalica, na koje se svako malo pozivate, svakako nije realno. Za Va\u0161u informaciju, sjutradan smo ipak napravili hitne konsultacije u cilju preduzimanja nekih akcija, ali se nijesmo uspjeli organizovati.<\/p>\n<blockquote><p><strong>\u201cNe znate koga pokret &#8216;Odupri se&#8217; predstavlja\u201d?<\/strong><\/p><\/blockquote>\n<p>Predstavljamo sebe kao potpisnike Sporazuma i one gra\u0111ane pred kojima smo i u \u010dije smo ime \u00a0stavili potpis. Dakle, \u010dvrsto stojimo iza potpisa datog pred 20.000 gra\u0111ana. Stojimo i iza usmenog obe\u0107anja koje smo vam dali a koje ne pi\u0161e u Sporazumu &#8211; da ne\u0107emo osnivati politi\u010dku partiji, niti kao pojedinci u\u010destvovati na predstoje\u0107im \u201cizborima\u201d &#8211; \u010dega ste se Vi li\u010dno veoma pla\u0161ili, otvoreno iskazuju\u0107i sumnju da \u0107emo vam postati konkurencija. Uprkos primamljivim politi\u010dkim ponudama koji su dobili mnogi od nas, odr\u017eali smo i tu rije\u010d.<\/p>\n<p>Da li Vi stojiti iza date rije\u010di i javno stavljenog potpisa? &#8211;\u00a0 da Vas pitam ovako, kada ve\u0107 ne\u0107ete da se, kao ugovorne strane koje su se na ne\u0161to obavezale, odazovete sastanku i to potvrdite. Jer uslova za izbore evidentno nema, gori su nego ikad, a vlast nije ispunila nijednu ta\u010dku iz Sporazuma. Ne\u0107ete valjda kao predstavnik Srba u Crnoj Gori \u2013 kako sebe nazivate &#8211; pogaziti rije\u010d i potpis. Jer, ako tako ne\u0161to uradite, onda kaljate obraz \u010dasnom srpskom narodu. Uz to, dajete legitimitet, novoj, sigurnoj i nikad ubjedljivijoj pobjedi DPS-a na \u201cizborima\u201d.<\/p>\n<blockquote><p><strong>Na samom kraju. Valjda ste izjavili i: \u201cMANDI\u0106 PORU\u010cIO POKRETU \u201eODUPRI SE\u201c: MI BRANIMO CRKVU. VI \u0106UTITE I NIJESTE NAM VI\u0160E PARTNERI\u201c (Naslov teksta na portalu Borba.me).<\/strong><\/p><\/blockquote>\n<p>Gospodine Mandi\u0107u,<\/p>\n<p>Iako sam kao \u0161to znate druge vjere, iako \u2013 kao \u0161to mo\u017eda ne znate, imam kriti\u010dki odnos prema djelovanju Crkve 90-tih, eto i ja sam branio Crkvu, tj. princip. A princip je da se kontroverzni zakon ne donosi na na\u010din kako je donijet, da se ne mo\u017ee zabraniti mirno iskazivanje protesta bilo kome. Iz tog razloga sam, kada je zabranjena litija na Cetinju, principijelno po\u0161ao na moleban u Cetinjski manastir. I D\u017eemal Perovi\u0107, iako tako\u0111e islamske vjeroisopovjesti, zauzeo je sli\u010dan, javan stav povodom Crkve. Za razliku od Vas i Va\u0161eg saveza &#8211; i uprkos vama, koji ste nam kao pripadnicima manjina javno upu\u0107ivali prijetnje sa govornice tzv. Skup\u0161tine.<\/p>\n<blockquote><p>Zabranjeno je preuzimanje i objavljivanje teksta u drugim medijima bez dozvole autora.<\/p><\/blockquote>\n","protected":false},"excerpt":{"rendered":"<p>Autor: Omer \u0160ARKI\u0106<\/p>\n","protected":false},"author":12,"featured_media":286086,"comment_status":"open","ping_status":"closed","sticky":false,"template":"","format":"standard","meta":{"_seopress_robots_primary_cat":"","_seopress_titles_title":"","_seopress_titles_desc":"","_seopress_robots_index":"","_et_pb_use_builder":"","_et_pb_old_content":"","_et_gb_content_width":"","inline_featured_image":false,"footnotes":""},"categories":[17],"tags":[],"class_list":["post-292633","post","type-post","status-publish","format-standard","has-post-thumbnail","hentry","category-blogovi"],"_links":{"self":[{"href":"https:\/\/www.pcnen.com\/portal\/wp-json\/wp\/v2\/posts\/292633","targetHints":{"allow":["GET"]}}],"collection":[{"href":"https:\/\/www.pcnen.com\/portal\/wp-json\/wp\/v2\/posts"}],"about":[{"href":"https:\/\/www.pcnen.com\/portal\/wp-json\/wp\/v2\/types\/post"}],"author":[{"embeddable":true,"href":"https:\/\/www.pcnen.com\/portal\/wp-json\/wp\/v2\/users\/12"}],"replies":[{"embeddable":true,"href":"https:\/\/www.pcnen.com\/portal\/wp-json\/wp\/v2\/comments?post=292633"}],"version-history":[{"count":7,"href":"https:\/\/www.pcnen.com\/portal\/wp-json\/wp\/v2\/posts\/292633\/revisions"}],"predecessor-version":[{"id":292641,"href":"https:\/\/www.pcnen.com\/portal\/wp-json\/wp\/v2\/posts\/292633\/revisions\/292641"}],"wp:featuredmedia":[{"embeddable":true,"href":"https:\/\/www.pcnen.com\/portal\/wp-json\/wp\/v2\/media\/286086"}],"wp:attachment":[{"href":"https:\/\/www.pcnen.com\/portal\/wp-json\/wp\/v2\/media?parent=292633"}],"wp:term":[{"taxonomy":"category","embeddable":true,"href":"https:\/\/www.pcnen.com\/portal\/wp-json\/wp\/v2\/categories?post=292633"},{"taxonomy":"post_tag","embeddable":true,"href":"https:\/\/www.pcnen.com\/portal\/wp-json\/wp\/v2\/tags?post=292633"}],"curies":[{"name":"wp","href":"https:\/\/api.w.org\/{rel}","templated":true}]}}