{"id":292579,"date":"2020-06-02T11:17:58","date_gmt":"2020-06-02T09:17:58","guid":{"rendered":"https:\/\/www.pcnen.com\/portal\/?p=292579"},"modified":"2020-06-02T13:27:52","modified_gmt":"2020-06-02T11:27:52","slug":"preminuo-rajko-kuljaca","status":"publish","type":"post","link":"https:\/\/www.pcnen.com\/portal\/2020\/06\/02\/preminuo-rajko-kuljaca\/","title":{"rendered":"Preminuo Rajko Kulja\u010da"},"content":{"rendered":"<p>Nekada\u0161nji gradona\u010delnik Budve Rajko Kulja\u010da (54), preminuo je u kotorskoj bolnici.<\/p>\n<p>Kulja\u010da je bio na \u010delu Budve od 2005. do kraja 2010. godine.<\/p>\n<p>Kulja\u010da je u zatvoru proveo dvije i po godine zbog zloupotrebe slu\u017ebenog polo\u017eaja i pribavljanja<a href=\"https:\/\/www.pcnen.com\/portal\/2016\/12\/16\/apelacioni-sud-osudio-kuljacu-i-marovica\/\"> imovinske koristi u aferi Zavala<\/a> \u010dime je zajedno sa bratom Svetozara Marovi\u0107a, Draganom, o\u0161tetio op\u0161tinski bud\u017eet za 821. 599 \u00a0hiljada eura.<\/p>\n<p>Kulja\u010da je bio\u00a0<a href=\"https:\/\/www.pcnen.com\/portal\/2015\/08\/14\/kuljaca-dobio-status-svjedoka-saradnika\/\"> klju\u010dni svjedok saradnik istra\u017eiteljima <\/a>Specijalnog dr\u017eavnog tu\u017eila\u0161tva koji su procesuirali budvansku kriminalnu grupu na \u010dijem je \u010delu bio visoki funkcioner DPS-a Svetozar Marovi\u0107 u osam korupciona\u0161kih afera, kojima je op\u0161tinska kasa o\u0161te\u0107ena za vi\u0161e desetina miliona eura.<\/p>\n","protected":false},"excerpt":{"rendered":"<p>Kulja\u010da je bio na \u010delu Budve od 2005. do kraja 2010. godine.<\/p>\n","protected":false},"author":1,"featured_media":292580,"comment_status":"open","ping_status":"closed","sticky":false,"template":"","format":"standard","meta":{"_seopress_robots_primary_cat":"","_seopress_titles_title":"","_seopress_titles_desc":"","_seopress_robots_index":"","_et_pb_use_builder":"","_et_pb_old_content":"","_et_gb_content_width":"","inline_featured_image":false,"footnotes":""},"categories":[14],"tags":[],"class_list":["post-292579","post","type-post","status-publish","format-standard","has-post-thumbnail","hentry","category-vijesti"],"_links":{"self":[{"href":"https:\/\/www.pcnen.com\/portal\/wp-json\/wp\/v2\/posts\/292579","targetHints":{"allow":["GET"]}}],"collection":[{"href":"https:\/\/www.pcnen.com\/portal\/wp-json\/wp\/v2\/posts"}],"about":[{"href":"https:\/\/www.pcnen.com\/portal\/wp-json\/wp\/v2\/types\/post"}],"author":[{"embeddable":true,"href":"https:\/\/www.pcnen.com\/portal\/wp-json\/wp\/v2\/users\/1"}],"replies":[{"embeddable":true,"href":"https:\/\/www.pcnen.com\/portal\/wp-json\/wp\/v2\/comments?post=292579"}],"version-history":[{"count":4,"href":"https:\/\/www.pcnen.com\/portal\/wp-json\/wp\/v2\/posts\/292579\/revisions"}],"predecessor-version":[{"id":292595,"href":"https:\/\/www.pcnen.com\/portal\/wp-json\/wp\/v2\/posts\/292579\/revisions\/292595"}],"wp:featuredmedia":[{"embeddable":true,"href":"https:\/\/www.pcnen.com\/portal\/wp-json\/wp\/v2\/media\/292580"}],"wp:attachment":[{"href":"https:\/\/www.pcnen.com\/portal\/wp-json\/wp\/v2\/media?parent=292579"}],"wp:term":[{"taxonomy":"category","embeddable":true,"href":"https:\/\/www.pcnen.com\/portal\/wp-json\/wp\/v2\/categories?post=292579"},{"taxonomy":"post_tag","embeddable":true,"href":"https:\/\/www.pcnen.com\/portal\/wp-json\/wp\/v2\/tags?post=292579"}],"curies":[{"name":"wp","href":"https:\/\/api.w.org\/{rel}","templated":true}]}}