{"id":291969,"date":"2020-05-25T15:31:34","date_gmt":"2020-05-25T13:31:34","guid":{"rendered":"https:\/\/www.pcnen.com\/portal\/?p=291969"},"modified":"2020-05-25T18:43:44","modified_gmt":"2020-05-25T16:43:44","slug":"herceg-novi-odata-posta-zrtvama-deportacije","status":"publish","type":"post","link":"https:\/\/www.pcnen.com\/portal\/2020\/05\/25\/herceg-novi-odata-posta-zrtvama-deportacije\/","title":{"rendered":"Herceg Novi: Odata po\u0161ta \u017ertvama deportacije"},"content":{"rendered":"<p>Po\u010dast je odata na mjestu odakle je ve\u0107ina nezakonito uhap\u0161enih izbjeglica 25. i 27. maja 1992. godine organizovano deportovana u smrt.<\/p>\n<p>Prvi put ove godine skupu je prisustvovao i na\u010delnik Centra bezbjednosti Herceg Novi Goran Bani\u0107evi\u0107.<\/p>\n<p>Po\u0161tuju\u0107i zabranu javnih okupljanja (tj. skupova preko 20 osoba), koja je jo\u0161 na snazi, ove godine NVO nijesu uputile javni poziv za ovaj memorijalni skup.<\/p>\n<p>Ovo je 16. put po redu da nezvani\u010dna Crna Gora odaje po\u010dast \u017ertvama ovog ratnog zlo\u010dina, a 11. put da se to \u010dini ispred zgrade policije u Herceg-Novom, gdje se uporno zahtijeva postavljanje memorijalnog obilje\u017eja.<\/p>\n<p>&#8220;I ove godine smo pokazali da ne dopu\u0161tamo da se \u017ertve ovog zlo\u010dina zaborave, da zahtijevamo utvr\u0111ivanje pojedina\u010dne krivi\u010dne odgovornosti i dostojan memorijal za \u017ertve&#8221;, re\u010deno je u zajedni\u010dkom saop\u0161tenju.<\/p>\n<p>Skupu su priustvovali predstavnici Akcije za ljudska prava (HRA), Centre za gra\u0111ansko obrazovanje (CGO), Centra za \u017eensko i mirovno obrazovanje \u2013 ANIMA, Savjeta za gra\u0111ansku kontrolu rada policije, predstavnica politi\u010dke stranke Demokratska Crna Gora (Demokrate) \u2013 Tatjana Crepulja, predstavnik Socijaldemokratske partije Crne Gore (SDP) \u2013 Dragan \u0160imrak, predstavnik Gra\u0111anskog pokreta URA \u2013 Milovan Bad\u017ear, predstavnici partije Alternativa Crna Gora \u2013 Katarina Vukovi\u0107 i Vesko Pejak, i gra\u0111ani Bla\u017eo Krivokapi\u0107 i Neboj\u0161a Mandi\u0107.<\/p>\n<p>Skupu je prisustvovao i Alen Bajrovi\u0107 sa sinom, koji su sin i unuk Osmana Bajrovi\u0107a, \u010dovjeka koji je nestao poslije deportacije iz Herceg-Novog, i kome se grob ne zna.<\/p>\n<p>&#8220;\u017drtve ovog zlo\u010dina su nesporne, Crna Gora je skoro svim njihovim porodicama poslije \u010detvorogodi\u0161njeg su\u0111enja na osnovu sudskog poravnanja platila naknadu \u0161tete zbog nezakonitog djelovanja crnogorske policije sa tragi\u010dnim posljedicama. I pravosna\u017enom krivi\u010dnom presudom u Crnoj Gori, kao i presudom Ha\u0161kog tribunala u predmetu Krnojelac (upravnik logora u Fo\u010di) utvr\u0111eno je da su izbjeglice nezakonito uhap\u0161ene u Crnoj Gori i izru\u010dene kao taoci ili ratni zarobljenici njima neprijateljskoj vojsci bosanskih Srba&#8221;, podsje\u0107a se u zajedni\u010dkom saop\u0161tenju.<\/p>\n<p>U saop\u0161tenju se podsje\u0107a na to da je grupa majki, \u0107erki i sestara stradalih \u017ertava podnijela protiv Crne Gore predstavku Evropskom sudu za ljudska prava zbog toga \u0161to Crna Gora nije obezbijedila krivi\u010dnu pravdu u ovom slu\u010daju i po\u0161tovala ljudsko pravo na \u017eivot i zabranu mu\u010denja.<\/p>\n<p><iframe loading=\"lazy\" title=\"Obiljezavanje 28 godina nekaznjenog ratnog zlocina deportacije bosansko-hercegovackih izbjeglica 1\" width=\"1080\" height=\"608\" src=\"https:\/\/www.youtube.com\/embed\/5CXxZeYnU-A?feature=oembed\" frameborder=\"0\" allow=\"accelerometer; autoplay; clipboard-write; encrypted-media; gyroscope; picture-in-picture; web-share\" allowfullscreen><\/iframe><\/p>\n<p>HRA, CGO i ANIMA, kao i predsjednik Savjeta za gra\u0111ansku kontrolu rada policije, Aleksandar Sa\u0161a Zekovi\u0107, ponovili su sa dana\u0161njeg skupa tri inicijative:<\/p>\n<ol>\n<li>Skup\u0161tini Crne Gore, njenom predsjedniku, Ivanu Brajovi\u0107u, i svim \u0161efovima poslani\u010dkih klubova, da se proglasi Dan sje\u0107anja na \u017ertve zlo\u010dina deportacije izbjeglica 1992. godine;<\/li>\n<li>Op\u0161tini Herceg-Novi, predsjedniku Skup\u0161tine Op\u0161tine, Stevanu Kati\u0107u i odborni\u010dkim klubovima, da se podigne spomen obilje\u017eje \u017ertvama deportacije izbjeglica 1992. godine ispred Centra bezbjednosti Herceg-Novi;<\/li>\n<li>Direktoru Uprave policije, Veselinu Veljovi\u0107u, da crnogorska policija javno izrazi \u017ealjenje i uputi izvinjenje porodicama stradalih \u017ertava i pre\u017eivjelima zlo\u010dina deportacije, zbog nezakonitog i ne\u010dovje\u010dnog postupanja prilikom hap\u0161enja i izru\u010divanja izbjeglica njima neprijateljskoj vojsci Srpske Republike BiH. Ministar unutra\u0161njih poslova Mevludin Nuhod\u017ei\u0107 se javno oglasio 2018. godine i saop\u0161tio da ,,deportaciju izbjeglica treba posmatrati iz perspektive nevinih \u017ertava\u201d i iskazao ,,duboko \u017ealjenje zbog njihovog stradanja\u201c i ,,saosje\u0107anje sa bolom njihovih porodica\u201d.<\/li>\n<\/ol>\n<p>Ponovo su apelovali i na Specijalno dr\u017eavno tu\u017eila\u0161tvo da obezbijedi da se zlo\u010din procesuira u skladu sa me\u0111unarodnim humanitarnim pravom i dokumentovanim \u010dinjenicama, kako je predvi\u0111eno Strategijom za istra\u017eivanje ratnih zlo\u010dina iz 2015. godine.<\/p>\n<p>***<\/p>\n<p><img loading=\"lazy\" decoding=\"async\" class=\"aligncenter size-large wp-image-291994\" src=\"https:\/\/www.pcnen.com\/portal\/wp-content\/uploads\/2020\/05\/H.Novi-obiljezavanje-zlocina-580x421.jpg\" alt=\"\" width=\"580\" height=\"421\" srcset=\"https:\/\/www.pcnen.com\/portal\/wp-content\/uploads\/2020\/05\/H.Novi-obiljezavanje-zlocina-580x421.jpg 580w, https:\/\/www.pcnen.com\/portal\/wp-content\/uploads\/2020\/05\/H.Novi-obiljezavanje-zlocina-300x218.jpg 300w, https:\/\/www.pcnen.com\/portal\/wp-content\/uploads\/2020\/05\/H.Novi-obiljezavanje-zlocina.jpg 640w\" sizes=\"(max-width: 580px) 100vw, 580px\" \/><br \/>\nNe\u0161to kasnije, na istom mjestu, jo\u0161 jedna grupa gra\u0111anskih aktivista\/kinja je odala po\u010dast \u017ertvama i obilje\u017eila godi\u0161njicu ratnog zlo\u010dinca: Milica Kova\u010devi\u0107, Bobana Pan\u010di\u0107, D\u017eemal Perovi\u0107, Mirsad Kurga\u0161 i Omer \u0160arki\u0107. &#8220;Na\u0161 zajedni\u010dki stav je da je za ratni zlo\u010din deportacije BiH izbjeglica komandno odgovoran tada\u0161nji premijer Milo \u0110ukanovi\u0107, te da se zbog toga zlo\u010din ne rasvjetljava i ne\u0107e se rasvjetliti dok on dr\u017ei sve poluge vlasti u Crnoj Gori&#8221;, objavio je \u0160arki\u0107 na svom FB profilu.<\/p>\n","protected":false},"excerpt":{"rendered":"<p>Danas u podne, ispred Centra bezbjednosti Herceg-Novi, predstavnici vi\u0161e nevladinih organizacija su polo\u017eili cvije\u0107e i odali po\u010dast ljudima bo\u0161nja\u010dke nacionalnosti koji su izbjegli iz BiH, a crnogorska policija ih je uhapsila I predala paravojnim snagama bosanskih Srba, koje su ve\u0107inu ubile.<\/p>\n","protected":false},"author":1,"featured_media":291970,"comment_status":"open","ping_status":"closed","sticky":false,"template":"","format":"standard","meta":{"_seopress_robots_primary_cat":"","_seopress_titles_title":"","_seopress_titles_desc":"","_seopress_robots_index":"","_et_pb_use_builder":"","_et_pb_old_content":"","_et_gb_content_width":"","inline_featured_image":false,"footnotes":""},"categories":[14],"tags":[],"class_list":["post-291969","post","type-post","status-publish","format-standard","has-post-thumbnail","hentry","category-vijesti"],"_links":{"self":[{"href":"https:\/\/www.pcnen.com\/portal\/wp-json\/wp\/v2\/posts\/291969","targetHints":{"allow":["GET"]}}],"collection":[{"href":"https:\/\/www.pcnen.com\/portal\/wp-json\/wp\/v2\/posts"}],"about":[{"href":"https:\/\/www.pcnen.com\/portal\/wp-json\/wp\/v2\/types\/post"}],"author":[{"embeddable":true,"href":"https:\/\/www.pcnen.com\/portal\/wp-json\/wp\/v2\/users\/1"}],"replies":[{"embeddable":true,"href":"https:\/\/www.pcnen.com\/portal\/wp-json\/wp\/v2\/comments?post=291969"}],"version-history":[{"count":5,"href":"https:\/\/www.pcnen.com\/portal\/wp-json\/wp\/v2\/posts\/291969\/revisions"}],"predecessor-version":[{"id":291995,"href":"https:\/\/www.pcnen.com\/portal\/wp-json\/wp\/v2\/posts\/291969\/revisions\/291995"}],"wp:featuredmedia":[{"embeddable":true,"href":"https:\/\/www.pcnen.com\/portal\/wp-json\/wp\/v2\/media\/291970"}],"wp:attachment":[{"href":"https:\/\/www.pcnen.com\/portal\/wp-json\/wp\/v2\/media?parent=291969"}],"wp:term":[{"taxonomy":"category","embeddable":true,"href":"https:\/\/www.pcnen.com\/portal\/wp-json\/wp\/v2\/categories?post=291969"},{"taxonomy":"post_tag","embeddable":true,"href":"https:\/\/www.pcnen.com\/portal\/wp-json\/wp\/v2\/tags?post=291969"}],"curies":[{"name":"wp","href":"https:\/\/api.w.org\/{rel}","templated":true}]}}