{"id":291846,"date":"2020-05-23T21:39:29","date_gmt":"2020-05-23T19:39:29","guid":{"rendered":"https:\/\/www.pcnen.com\/portal\/?p=291846"},"modified":"2020-05-23T21:40:42","modified_gmt":"2020-05-23T19:40:42","slug":"zakon-jednak-za-sve","status":"publish","type":"post","link":"https:\/\/www.pcnen.com\/portal\/2020\/05\/23\/zakon-jednak-za-sve\/","title":{"rendered":"Zakon jednak za sve"},"content":{"rendered":"<p>Prije samo desetak dana premijer Markovi\u0107 je rekao javno, citiram: \u201cZato danas i svakoga dana zakon mora biti jednak za sve\u201d.<\/p>\n<p>Ko ne bi podr\u017eao takav stav, pa bio i prijete\u0107i?<\/p>\n<p>Ali, samo deset dana bilo je dovoljno da isti taj premijer, opet javno, podr\u017ei kr\u0161enje zakona. I to duplo kr\u0161enje.<\/p>\n<p><img loading=\"lazy\" decoding=\"async\" class=\"size-large wp-image-291850 alignleft\" src=\"https:\/\/www.pcnen.com\/portal\/wp-content\/uploads\/2020\/05\/Dan-nezavisnosti3-002-580x580.jpeg\" alt=\"\" width=\"580\" height=\"580\" \/>Naime, za Dan nezavisnosti, \u0161irom Crne Gore je bilo neprijavljenih i podstaknutih okupljanja gra\u0111ana (da ne ka\u017eem pla\u0107enih), \u010dime je prekr\u0161en Zakon o javnim okupljanjima i propisanih mjera NKT-a, koji je postao bi\u010d Bo\u017eji u rukama DPS-a. Ta nezakonska okupljanja premijer Markovi\u0107 je pozdravio rije\u010dima objavljenim na tviteru, opet ga citiram: \u201cPosebno po\u0161tovanje iskazujem prema crnogorskoj omladini, jer su i ovih dana \u2013 ponosom i ljubavlju \u2013 pokazili kako se voli Crna Gora.\u201d<\/p>\n<p>Pri ovim okupljanjima do\u0161lo je do incidenta, tj. masovne tu\u010de u Nik\u0161i\u0107u, ali \u201cpolicija nije zatekla nikog\u201d, iako postoji snimak tu\u010de koji su objavili mediji. Postoje i desetine drugih snimaka na kojima se vidi da su drasti\u010dno prekr\u0161ene mjere NKT-a (umalo napisah NKVD-a) na okupljanjima \u0161irom Crne Gore povodom Dana nezavisnosti.<\/p>\n<p>Nacionalno kordinaciono tijelo za suzbijanje zaraznih bolesti se ovaj put nije ogla\u0161avalo, dok je povodom drugih skupova kojima su kr\u0161ene mjere izdavalo vrlo o\u0161tra upozorenja, sa pozivom dr\u017eavi i nadle\u017enim organima da beskompromisno reaguju \u201ckako se ne bi ugrozili postignuti rezultati i zdravlje stanovni\u0161tva\u201d.<\/p>\n<p>Nije se oglasio ni tzv. Vrhovni dr\u017eavni tu\u017eilac, iako je znao zaprijetiti, citiram: \u201cZakon je jasan i propisuje da svi oni koji ne postupaju po propisima, odlukama, naredbama ili nalozima kojima se odre\u0111uju mjere za suzbijanje ili spre\u010davanje opasne zarazne bolesti , kazni\u0107e se nov\u010danom kaznom ili zatvorom do jedne godine.\u201d<\/p>\n<p>Prije manje od godinu dana dok su trajali protesti Odupri se, po zakonu sam prijavio javni skup ispred tzv.Skup\u0161tine &#8211; koji je odobren. Odatle smo krenuli u obilazak svih crnogorskih gradova sa deset automobila, dakle sa mnogo manje automobila nego \u0161to ih je bilo na prekju\u010dera\u0161njim skupovima.<\/p>\n<p>Osim polaznog u Podgorici, za ostale gradove doista nijesam prijavio javna okupljanja jer nijesam znao kada \u0107emo u kjoji grad sti\u0107i i koliko \u0107emo gradova za dva dana uspjeti obi\u0107i.<\/p>\n<p>Na tim skupovoma, bez i najmanjeg incidenta ili provokacija prema bilo kome, bilo je, zajedno sa nama, od 50\u00a0 do 300 ljudi. Nije bilo nikakvog virusa i mjera NKT-a, osim virusa pobune protiv neprava i nepravne dr\u017eave, afere Koverat. Uprkos tome, jedan od u\u010desnika karavana, Mirsad Kurga\u0161, je zaradio desetak prekr\u0161ajnih prijava \u201ckao organizator neprijavljivanog javnog skupa\u201d, iako je to bila moja ideja i organizacija, a on samo u\u010desnik. Tako je gra\u0111anin Kurga\u0161, potpuno nevin, nekoliko mjeseci, skoro svakodnevno i\u0161ao na sud: od Podgorice do Kola\u0161ina, Od Bijelog Polja do Mojkovca od Kotora do Budve i Herceg Novog&#8230; Sve to sa \u201crepetama\u201d, jer se policajci-svjedoci nijesu pojavljivali na su\u0111enjima. Neke sudije su mu sugerisale da prizna kako je on inicijator neprijavljenih okupljanja \u201cda ga ne bi opet pozivali i maltletirali\u201d, iako on to nije bio, ve\u0107 ja.<img loading=\"lazy\" decoding=\"async\" class=\"size-large wp-image-291849 alignright\" src=\"https:\/\/www.pcnen.com\/portal\/wp-content\/uploads\/2020\/05\/Dan-nezavisnosti-2-002-580x326.jpg\" alt=\"\" width=\"580\" height=\"326\" \/><\/p>\n<p>Na prevoz za su\u0111enja iz grada u grad gra\u0111anin \u00a0Kurga\u0161 je potro\u0161io ne mala sredstva, izgubio dvadesetak radnih dana, \u017eivce\u2026<\/p>\n<p>Najzad su valjda odustali od gonjenja, onda kada im je saop\u0161tio da se vi\u0161e ne\u0107e odazivati na njihove pozive ve\u0107 da \u0107e ga morati privoditi.<\/p>\n<p>\u201cZato danas i svakoga dana zakon mora biti jednak za sve\u201d \u2013 re\u010de li tako premijer Markovi\u0107?<\/p>\n<p>Ili je rekao \u201esve \u017eivotinje su jednake, ali neke \u017eivotinje su jednakije od drugih\u201d?<\/p>\n<p>Ops, ovo je rekao Orvel. Sve mi se pomije\u0161alo.<\/p>\n<p>I vi \u0107ete na izbore koje oni organizuju!<\/p>\n<p>Ako pristanete na izbore sa ovakvim \u201cinstitucijama\u201d, pod postoje\u0107im uslovima, sa ovim premijerom &#8211; onda ste stvarno za farmu. I to onu Pinkovu, ne Orvelovu.<\/p>\n","protected":false},"excerpt":{"rendered":"<p>Pi\u0161e: Omer \u0160ARKI\u0106<\/p>\n","protected":false},"author":12,"featured_media":286086,"comment_status":"open","ping_status":"closed","sticky":false,"template":"","format":"standard","meta":{"_seopress_robots_primary_cat":"","_seopress_titles_title":"","_seopress_titles_desc":"","_seopress_robots_index":"","_et_pb_use_builder":"","_et_pb_old_content":"","_et_gb_content_width":"","inline_featured_image":false,"footnotes":""},"categories":[17],"tags":[],"class_list":["post-291846","post","type-post","status-publish","format-standard","has-post-thumbnail","hentry","category-blogovi"],"_links":{"self":[{"href":"https:\/\/www.pcnen.com\/portal\/wp-json\/wp\/v2\/posts\/291846","targetHints":{"allow":["GET"]}}],"collection":[{"href":"https:\/\/www.pcnen.com\/portal\/wp-json\/wp\/v2\/posts"}],"about":[{"href":"https:\/\/www.pcnen.com\/portal\/wp-json\/wp\/v2\/types\/post"}],"author":[{"embeddable":true,"href":"https:\/\/www.pcnen.com\/portal\/wp-json\/wp\/v2\/users\/12"}],"replies":[{"embeddable":true,"href":"https:\/\/www.pcnen.com\/portal\/wp-json\/wp\/v2\/comments?post=291846"}],"version-history":[{"count":4,"href":"https:\/\/www.pcnen.com\/portal\/wp-json\/wp\/v2\/posts\/291846\/revisions"}],"predecessor-version":[{"id":291852,"href":"https:\/\/www.pcnen.com\/portal\/wp-json\/wp\/v2\/posts\/291846\/revisions\/291852"}],"wp:featuredmedia":[{"embeddable":true,"href":"https:\/\/www.pcnen.com\/portal\/wp-json\/wp\/v2\/media\/286086"}],"wp:attachment":[{"href":"https:\/\/www.pcnen.com\/portal\/wp-json\/wp\/v2\/media?parent=291846"}],"wp:term":[{"taxonomy":"category","embeddable":true,"href":"https:\/\/www.pcnen.com\/portal\/wp-json\/wp\/v2\/categories?post=291846"},{"taxonomy":"post_tag","embeddable":true,"href":"https:\/\/www.pcnen.com\/portal\/wp-json\/wp\/v2\/tags?post=291846"}],"curies":[{"name":"wp","href":"https:\/\/api.w.org\/{rel}","templated":true}]}}