{"id":291675,"date":"2020-05-21T12:27:22","date_gmt":"2020-05-21T10:27:22","guid":{"rendered":"https:\/\/www.pcnen.com\/portal\/?p=291675"},"modified":"2020-05-21T12:27:22","modified_gmt":"2020-05-21T10:27:22","slug":"izbori-u-gladnoj-godini","status":"publish","type":"post","link":"https:\/\/www.pcnen.com\/portal\/2020\/05\/21\/izbori-u-gladnoj-godini\/","title":{"rendered":"&#8216;Izbori&#8217; u gladnoj godini"},"content":{"rendered":"<p>Sve je spremno za nove &#8216;izbore&#8217;. Kad ih kralj Crne Gore i brda najavi za kraj ljeta ili po\u010detak jeseni, oni \u0107e se tada i odr\u017eati. Poslije jeseni ne bi valjalo. Glad koja \u0107e na jesen nastupiti u opusto\u0161enoj Crnoj Gori, koja je &#8216;pobjedila&#8217; korona virus treba preduhitriti &#8216;izborima&#8217;. Nikad neregularnijim, bez institucija, ali nema veze.<\/p>\n<p>Opozicija tj. &#8216;opozicija&#8217; pristaje na sve, samo da zaku\u010di jo\u0161 jedan mandat i onih dvjesta hiljada do milion eura koje \u0107e im pripasti na godi\u0161njem nivou za funkcionisanje privatnih preduze\u0107a koja od milja zovu partijama. Javno stavljeni potpis na Sporazum o budu\u0107nosti &#8211; nekih voljno a nekih nevoljno &#8211; vidimo, obavezuje ih koliko i obe\u0107anja onih protiv kojih se kao bore. Na tim &#8216;izborima&#8217; organizacija zvana DPS \u0107e ih potu\u0107i do nogu i kao nikad prije. Oni to veoma dobro znaju, kao \u0161to znaju da \u0107e naredni &#8216;izbori&#8217; biti neregularniji od svih prethodnih, ali \u0107e u\u010destvovati na njima &#8216;zbog DF-a koji ih ne\u0107e bojkotovati i koji je ve\u0107, zajedno sa svojim bratom blizancem, u\u0161ao u izbornu trku&#8217;.<\/p>\n<p>Opravdanja je lako na\u0107i \u2013 da nije potpisa. Podsjeti\u0107u ih sve, ovako javno, da u Sporazumu ne pi\u0161e, da, ako neko prekr\u0161i potpis, Sporazum vi\u0161e ne va\u017ei i da ga onda svi mogu prekr\u0161iti. Izlaze\u0107i na la\u017ene izbore, ponovo \u0107e dati legitimitet izbornoj i svakoj drugoj plja\u010dki Crne Gore. Uostalom, svi u toj opozicji ili &#8216;opoziciji&#8217; dobro su znali ko je i kakav je DF, koliko se mogu osloniti na njihov potpis i obe\u0107anja. Me\u0111utim, zbog retorike, prijetnji praznom pu\u0161kom, bestidnosti, agresivnosti, spremnosti na sve da bi se politi\u010dki odr\u017eali, skoro svi u toj opoziciji se pla\u0161e DF-a.<\/p>\n<p>Ako si u politici, pogotovu na Balkanu i u Crnoj Gori, ili budi hrabar ili se njome ne bavi \u2013 osnovno je pravilo.<\/p>\n<p>U pregovorima sa opozicijom sam shvatio da svi u njoj dobro znaju skim imaju posla i koliko se mogu pouzdati u ono \u0161to obe\u0107a &#8216;jedina prava opozicija&#8217;. Pozitivna je bila partija za jednokratnu upotrebu, DF je za vi\u0161ekratnu, stoga je neuporedivo gori i \u0161tetniji od Pozitivne. Sve dok se ne svede na 5-6% podr\u0161ke, kod nas ne mo\u017ee do\u0107i do smjene vlasti &#8211; i to u opozicji tako\u0111e svi dobro znaju. DF je najve\u0107a rak rana crnogorske politi\u010dke scene, pune dra\u010da, bez ijednog cvijeta. On je kancer ne samo za gra\u0111ansku Crnu Goru, ve\u0107 prije svega za Srbe, \u010dija prava stalno &#8216;brani&#8217; \u2013 profitiraju\u0107i na njima. Srbi su, kao najve\u0107i opozicionari u Crnoj Gori, taoci politi\u010dkog profiterstva DF-a, kao \u0161to je dio nacionalnih Crnogoraca, onaj neapana\u017eni, taoc politike \u0110ukanovi\u0107a i DPS-a. I me\u0111u jednima i me\u0111u drugima koji podr\u017eavaju ove isklju\u010divo interesne grupacije veliki je broj onih gra\u0111ana koji doista misle da Mandi\u0107 brani srpstvo, odnosno \u0110ukanovi\u0107 dr\u017eavu i crnogorstvo, \u0161to je jo\u0161 jedna tragedija na\u0161e nazovi politi\u010dke scene.<\/p>\n<p><img loading=\"lazy\" decoding=\"async\" class=\"aligncenter size-large wp-image-291685\" src=\"https:\/\/www.pcnen.com\/portal\/wp-content\/uploads\/2020\/05\/sporazum-za-buducnost-580x264.png\" alt=\"\" width=\"580\" height=\"264\" srcset=\"https:\/\/www.pcnen.com\/portal\/wp-content\/uploads\/2020\/05\/sporazum-za-buducnost-580x264.png 580w, https:\/\/www.pcnen.com\/portal\/wp-content\/uploads\/2020\/05\/sporazum-za-buducnost-300x137.png 300w, https:\/\/www.pcnen.com\/portal\/wp-content\/uploads\/2020\/05\/sporazum-za-buducnost.png 600w\" sizes=\"(max-width: 580px) 100vw, 580px\" \/><\/p>\n<p>Crkvene proteste vi\u0161e obesmi\u0161ljava i urni\u0161e DF svojim postupcima i \u010dinjenjima, nego svi miloradpopovi\u0107i i darko\u0161ukovi\u0107i zajedno, a objave jednog od lidera DF-a na dru\u0161tvenim mre\u017eama su u domenu psihijatrijskih a ne politi\u010dkih analiza. Kampanju \u0110ukanovi\u0107u u kontinuitetu, iz &#8216;izbora&#8217; u &#8216;izbore&#8217;, bolje odra\u0111uje DF nego svi DPS-ovi poslanici i slu\u017ebe zajedno.<\/p>\n<p>U Crnoj Gori bojkot izbora je te\u0161ko ostvarljiva misija iz vi\u0161e razloga:<\/p>\n<p>&#8211; Bojkot nije materijalno profitabilan, \u0161to je osnov bavljenja politikom i javnim poslom kod nas.<\/p>\n<p>&#8211; Komercijalni mediji bojkotom izbora ostaju bez ogromnih sredstava. Za dva mjeseca predizborne kampanje zarade vi\u0161e nego za cijelu godinu ili dvije od redovnog ogla\u0161avanja i marketinga, tako da ni njima bojkot ne ide u prilog i zato ga ne \u00a0podr\u017eavaju.<\/p>\n<p>&#8211; Ne malom dijelu NVO sektora bojkot tako\u0111e ne odgovara. Nije im po mjeri mentora, a taj dio nevladinih organizacija, kao i partije, egzistira i radi to \u0161to radi samo zbog svog li\u010dnog interesa. Situacija kakva decenijama vlada u Crnoj Gori obezbje\u0111uje im siguran grant, pa novca i projekata ne\u0107e faliti. \u0160to je gore, to je za njih bolje.<\/p>\n<p>&#8211; Me\u0111unarodnoj zajednici tako\u0111e ne odgovara bojkot. Izbori, kakvi-takvi, daju legitimite svakoj vlasti i garantuju bar neku stabilnost, za razliku od bojkota.<\/p>\n<p>&#8211; Vlast se bojkota najvi\u0161e pla\u0161i, oduzima joj legitimitet. Zato pri samoj najavi ne\u010deg takvog nastaje op\u0161ta histerija: kako u njihovim izjavama, tako u medijima pod njihovom kontrolom.<\/p>\n<p>Pored Sporazuma o budu\u0107nosti koji ih obavezuje na bojkot izbora u ovoj situaciji, institucionalno mnogo goroj nego u momentu kada ga je opozicija potpisala, nikad se njime ne bi vi\u0161e deligitimisala vlast nego sada, a novi izbori, siguran sam, bili bi na jesen 2021. godine. Osim vlasti, u potpunosti bi se deligimitisao i Demokratski front, koji \u0107e, vidimo, sigurno u\u010destvovati na izborima.<\/p>\n<p>Poku\u0161ajte zamisliti parlament u kome bi sjedjelo 80 do 85% poslanika vlasti i prirepaka im, te 15% do 20% poslanika opozicije, sa\u010dinjene od DF-a i eventualno neke Joni\u010dine ili Mila\u010di\u0107eve partije, a poslije me\u0111unarodnih izvje\u0161taja pristiglih ove godine, po kojima je Crna Gora najzad okarektarisana onakvom kakva jeste: nedemokratska dr\u017eava u kojoj je vlast zasnovana na autoritarizmu, sa zarobljenim institucijama, pogotovu pravosu\u0111em i medijima. Sve to pri izlaznosti na izbore ispod 50%, u situaciji kada \u0107e zavladati glad u bukvalnom smislu te rije\u010di, javni dug pre\u0107i 90% BDP-a, plate i penzije po\u010deti da se rapidno smanjuju! Takvi izbori i parlament proiza\u0161ao iz njih, uz stalne proteste, tribine, akcije gra\u0111anske nep\u0161oslu\u0161nosti, bi zna\u010dio brz i siguran kraj DPS-a, potpuno marginalizovanje, mo\u017eda i nestajanje DF-a, nadu da Crna Gora najzad krene pravim putem.<\/p>\n<p>Ali, za tako ne\u0161to treba imati opoziciju koja ima bar malo vizije i ozbiljne ideologije, spremnu na istinsku borbu a ne samo za privilegije, opoziciju koja po\u0161tuje samu sebe i svoj potpis &#8211; da bi je drugi mogli po\u0161tovati i vjerovati joj.<\/p>\n","protected":false},"excerpt":{"rendered":"<p>Pi\u0161e: Omer \u0160ARKI\u0106<\/p>\n","protected":false},"author":12,"featured_media":286086,"comment_status":"open","ping_status":"closed","sticky":false,"template":"","format":"standard","meta":{"_seopress_robots_primary_cat":"","_seopress_titles_title":"","_seopress_titles_desc":"","_seopress_robots_index":"","_et_pb_use_builder":"","_et_pb_old_content":"","_et_gb_content_width":"","inline_featured_image":false,"footnotes":""},"categories":[17],"tags":[],"class_list":["post-291675","post","type-post","status-publish","format-standard","has-post-thumbnail","hentry","category-blogovi"],"_links":{"self":[{"href":"https:\/\/www.pcnen.com\/portal\/wp-json\/wp\/v2\/posts\/291675","targetHints":{"allow":["GET"]}}],"collection":[{"href":"https:\/\/www.pcnen.com\/portal\/wp-json\/wp\/v2\/posts"}],"about":[{"href":"https:\/\/www.pcnen.com\/portal\/wp-json\/wp\/v2\/types\/post"}],"author":[{"embeddable":true,"href":"https:\/\/www.pcnen.com\/portal\/wp-json\/wp\/v2\/users\/12"}],"replies":[{"embeddable":true,"href":"https:\/\/www.pcnen.com\/portal\/wp-json\/wp\/v2\/comments?post=291675"}],"version-history":[{"count":3,"href":"https:\/\/www.pcnen.com\/portal\/wp-json\/wp\/v2\/posts\/291675\/revisions"}],"predecessor-version":[{"id":291686,"href":"https:\/\/www.pcnen.com\/portal\/wp-json\/wp\/v2\/posts\/291675\/revisions\/291686"}],"wp:featuredmedia":[{"embeddable":true,"href":"https:\/\/www.pcnen.com\/portal\/wp-json\/wp\/v2\/media\/286086"}],"wp:attachment":[{"href":"https:\/\/www.pcnen.com\/portal\/wp-json\/wp\/v2\/media?parent=291675"}],"wp:term":[{"taxonomy":"category","embeddable":true,"href":"https:\/\/www.pcnen.com\/portal\/wp-json\/wp\/v2\/categories?post=291675"},{"taxonomy":"post_tag","embeddable":true,"href":"https:\/\/www.pcnen.com\/portal\/wp-json\/wp\/v2\/tags?post=291675"}],"curies":[{"name":"wp","href":"https:\/\/api.w.org\/{rel}","templated":true}]}}