{"id":291398,"date":"2020-05-18T11:48:22","date_gmt":"2020-05-18T09:48:22","guid":{"rendered":"https:\/\/www.pcnen.com\/portal\/?p=291398"},"modified":"2020-05-18T11:48:22","modified_gmt":"2020-05-18T09:48:22","slug":"dan-mitropolit-od-markovica-trazi-novi-termin-sastanka-eksperata","status":"publish","type":"post","link":"https:\/\/www.pcnen.com\/portal\/2020\/05\/18\/dan-mitropolit-od-markovica-trazi-novi-termin-sastanka-eksperata\/","title":{"rendered":"Dan: Mitropolit od Markovi\u0107a tra\u017ei novi termin sastanka eksperata"},"content":{"rendered":"<p>Mitropolit crnogorsko-primorski Amfilohije uputio je 11. maja pismo premijeru Crne Gore Du\u0161ku Markovi\u0107u, u kojem je zatra\u017eio da bude odre\u0111en novi termin za sastanak ekspertskih timova Mitropolije crnogorsko-primorske i Vlade o Zakonu o slobodi veroispovesti ili uverenja i pravnom polo\u017eaju verskih zajednica, pi\u0161e podgori\u010dki Dan.<\/p>\n<p>Amfilohije je, u pismu u koje je Dan imao uvid, protestovao \u0161to se naoru\u017eani policajci \u0161alju na crkvena vrata kako bi vjernici bili sprije\u010deni da pristupe svetinjama.<\/p>\n<p>Prvi sastanak ekspertskih timova Mitropolije i <a href=\"https:\/\/www.pcnen.com\/portal\/2020\/03\/11\/danas-prvi-sastanak-ekspertskih-timova-vlade-i-mcp\/\">Vlade odr\u017ean je 11. marta<\/a>, a naredni je bio zakazan za sedam dana kasnije. Me\u0111utim, ve\u0107 13. marta donijete su prve mjere za spre\u010davanje pojave i \u0161irenja virusa korona, pa je Vlada zakazani sastanak odgodila do stabilizacije situacije.<\/p>\n<p>U ekspertskom timu Mitropolije su koordinator Pravnog savjeta MCP, protojerej-stavroforVelibor D\u017eomi\u0107, rektor Cetinjske bogoslovijeGojko Perovi\u0107i \u010dlanovi Pravnog savjetaDragan \u0160o\u0107, Zoran Lazarevi\u0107, Vladimir Leposavi\u0107 i Damjan \u0110ulafi\u0107.<\/p>\n<p>U vladinom timu su potpredsjednik Zoran Pa\u017ein, profesori Neboj\u0161a Vu\u010dini\u0107 i Aneta Spai\u0107, \u0161ef kabineta premijera Dragoljub Bulatovi\u0107, advokat Nikola Martinovi\u0107 i pravnik Sr\u0111an Spai\u0107.<\/p>\n<p>Konstatuju\u0107i da su Vlada, Skup\u0161tina i drugi organi u zasjedanju, mitropolit je od Markovi\u0107a zatra\u017eio da se, uz po\u0161tovanje mjera, neodlo\u017eno zaka\u017ee novi termin kako bi se nastavio ekspertski dijalog.<\/p>\n","protected":false},"excerpt":{"rendered":"<p>Konstatuju\u0107i da su Vlada, Skup\u0161tina i drugi organi u zasjedanju, mitropolit je od Markovi\u0107a zatra\u017eio da se, uz po\u0161tovanje mjera, neodlo\u017eno zaka\u017ee novi termin kako bi se nastavio ekspertski dijalog.<\/p>\n","protected":false},"author":1,"featured_media":274291,"comment_status":"open","ping_status":"closed","sticky":false,"template":"","format":"standard","meta":{"_seopress_robots_primary_cat":"","_seopress_titles_title":"","_seopress_titles_desc":"","_seopress_robots_index":"","_et_pb_use_builder":"","_et_pb_old_content":"","_et_gb_content_width":"","inline_featured_image":false,"footnotes":""},"categories":[14],"tags":[],"class_list":["post-291398","post","type-post","status-publish","format-standard","has-post-thumbnail","hentry","category-vijesti"],"_links":{"self":[{"href":"https:\/\/www.pcnen.com\/portal\/wp-json\/wp\/v2\/posts\/291398","targetHints":{"allow":["GET"]}}],"collection":[{"href":"https:\/\/www.pcnen.com\/portal\/wp-json\/wp\/v2\/posts"}],"about":[{"href":"https:\/\/www.pcnen.com\/portal\/wp-json\/wp\/v2\/types\/post"}],"author":[{"embeddable":true,"href":"https:\/\/www.pcnen.com\/portal\/wp-json\/wp\/v2\/users\/1"}],"replies":[{"embeddable":true,"href":"https:\/\/www.pcnen.com\/portal\/wp-json\/wp\/v2\/comments?post=291398"}],"version-history":[{"count":1,"href":"https:\/\/www.pcnen.com\/portal\/wp-json\/wp\/v2\/posts\/291398\/revisions"}],"predecessor-version":[{"id":291399,"href":"https:\/\/www.pcnen.com\/portal\/wp-json\/wp\/v2\/posts\/291398\/revisions\/291399"}],"wp:featuredmedia":[{"embeddable":true,"href":"https:\/\/www.pcnen.com\/portal\/wp-json\/wp\/v2\/media\/274291"}],"wp:attachment":[{"href":"https:\/\/www.pcnen.com\/portal\/wp-json\/wp\/v2\/media?parent=291398"}],"wp:term":[{"taxonomy":"category","embeddable":true,"href":"https:\/\/www.pcnen.com\/portal\/wp-json\/wp\/v2\/categories?post=291398"},{"taxonomy":"post_tag","embeddable":true,"href":"https:\/\/www.pcnen.com\/portal\/wp-json\/wp\/v2\/tags?post=291398"}],"curies":[{"name":"wp","href":"https:\/\/api.w.org\/{rel}","templated":true}]}}