{"id":291109,"date":"2020-05-15T07:44:51","date_gmt":"2020-05-15T05:44:51","guid":{"rendered":"https:\/\/www.pcnen.com\/portal\/?p=291109"},"modified":"2020-05-15T07:45:34","modified_gmt":"2020-05-15T05:45:34","slug":"verica-maras-partijska-drzava-i-vladavina-prava","status":"publish","type":"post","link":"https:\/\/www.pcnen.com\/portal\/2020\/05\/15\/verica-maras-partijska-drzava-i-vladavina-prava\/","title":{"rendered":"Verica Mara\u0161, partijska dr\u017eava i vladavina prava"},"content":{"rendered":"<p>Dok se DPS i DF igraju \u201epatriotskih\u201c predizbornih igara, kako bi digli rejtinge jedni drugima i kako ne bi mislili na ono \u0161to nas na jesen \u010deka (pisao sam ve\u0107 o tome \u0161to nas \u010deka) ja \u0107u se baviti \u201ebanalnim temama\u201c. Rata ne\u0107e biti \u2013 ne pla\u0161ite se. Sve je to dozirano kako i koliko treba. I bi\u0107e tako stalno, jer, ponavljam, na jesen \u0107e pola Crne Gore biti gladno, u bukvalnom smislu te rije\u010di. DPS-u je u toj situaciji ostalo jedino da igra na kartu odbrane dr\u017eave i crnogorstva, DF-u ugro\u017eenog srpstva. Pogledajte imovinske kartone onih koji vam brane ugro\u017eeno crnogorstvo i srpstvo, te koliko dugo \u201eizgaraju\u201c u tim odbranama i &#8211; sve \u0107e vam biti jasno.<\/p>\n<p>I opet \u0107e (manda-t), i opet \u0107e (manda-t), ako bude sre\u0107e (a bi\u0107e &#8211; za njih).<\/p>\n<p>Bojkotovati postoje\u0107u politi\u010dku ponudu i la\u017ene izbore nije samo stvar javno stavljenog potpisa, ve\u0107 elementarnog samopo\u0161tovanja, li\u010dne kulture, higijene na kraju krajeva. Toliko o tome za sada. Ve\u0107ina narednih tekstova \u0107e biti o bojkotu kao jedinom preostalom gra\u0111anskom otporu spla\u010dinarskoj politi\u010dkoj sceni: la\u017enim izborima, la\u017enim institucijama, fingiranoj demokratiji, la\u017enim kako pozicionim \u2013 tako opozicionim vo\u0111ama i liderima.<\/p>\n<p>Verica Mara\u0161 je ve\u010deras gostovala u emisiji \u201eNa\u010disto\u201c. Ne\u0107u komentarisati njen nastup u emisiji. Vi prosudite. Kada budete prosu\u0111ivali, imajte na umu da Verica Mara\u0161 mo\u017ee da javno izrekne la\u017e a da ne trepne. Da, kada se uhvati u javno izre\u010denoj la\u017ei, mo\u017ee opet javno izre\u0107i: ili opasnu la\u017e kojom demantuje samu sebe ili dovesti svoju firmu pred zatvaranje. U pravnoj dr\u017eavi, normalno, \u0161to mi nikada nijesmo bili i od \u010dega smo svakim danom sve dalje i dalje.<\/p>\n<p>Prije desetak godina sam krenuo na moju omiljenu rijeku, Cijevnu, na jedno od mojih omiljenih mjesta za kupanje koje se zove Kotli\u0161. Planta\u017ee su protivzakonito, \u017ei\u010danom ogradom i fizi\u010dkim obezbje\u0111enjem onemogu\u0107ili prilaz rijeci Cijevni na tom mjestu, a Cijevna je javno dobro. Po zakonu niko nema pravo da zabrani prilaz javnom dobru, \u010dak i u stuaciji ako je vlasnik zemlji\u0161ta uz i oko javnog dobra. Tada sam napisao desetak prijava partijskoj Upravi za inspekcijske poslove, unaprijed znaju\u0107i epilog prijava u partijskoj dr\u017eavi. Partijski kolega Verice Mara\u0161 \u2013 Bo\u017eidar Vuksanovi\u0107, sa kojim je sje\u0111ela u Glavnom odboru dr\u017eavne partije, normalno, nalo\u017eio je \u201esvojoj\u201c inspekciji i inspektorima da zata\u0161kaju slu\u010daj. Tako je u jednom nalazu, jedna od nekoliko inspekcija koje su zbog moje upornosti kao iza\u0161le na lice mjesta, utvrdila da tu nema nikakve ograde. Samo par dana kasnije, kamere TVCG su snimile ogradu \u201ekoje nema\u201c i koja zapre\u010dava put do Cijevne u du\u017eini od \u201esamo\u201c 3 kilometra, u emisiji koja se bavila tom temom, mojim prijavama i odgovorima UZIP-a. Kakvih je tu sve odgovora bilo od strane UZIP-a, vi\u0161e je za neku rubriku \u201evjerovali ili ne\u201c nego za ozbiljan tekst.<\/p>\n<p>U istoj emisiji direktorica Planta\u017ea je javno ustvrdila kako je ograda podignuta po zakonu i na njihovom zemlji\u0161tu. Kako na\u0161i novinari, ne samo tzv. Javnog servisa svaku temu istra\u017euju povr\u0161no, da bi eto napravili emisiju, tu su stali. Ja nijesam. Po\u0161ao sam sa kopijom plana o\u00a0 vlasni\u0161tvu Planta\u017ea kojim je Verica javno mahala kao dokazom i koji je dostavila TVCG, u Upravu za nekretnine i tra\u017eio od njih tuma\u010denje. Uvidom u katastarske knjige i isti taj plan utvr\u0111eno je da sporna ograda nije podignuta na zemlji\u0161tu Planta\u017ea ve\u0107 na zemlji\u0161tu Glavnog grada.<\/p>\n<p>Suo\u010dena sa tom \u010dinjenicom, koju sam opet javno prezentovao, Verica Mara\u0161 javno demantuje samu sebe i izlazi sa tezom da ograda nije podignuta ba\u0161 po zakonu, ali da su to morali uraditi radi bezbjednosti kupa\u010da, jer dok prskaju zasade ugrozili bi zdravlje gra\u0111ana koji koriste rijeku Cijevnu!<\/p>\n<p>Dakle, Verica la\u017ee &#8211; da ne trepne. I to javno.<\/p>\n<p>Izjavom da bi dok prskaju svoje vinograde i breske (udaljene minimalno 200 metara vazdu\u0161ne linije od same rijeke) ugrozile zdravlje kupa\u010da, opet u nekoj pravnoj dr\u017eavi, istog momenta bi reagovale razne inspekcije, Agencija za za\u0161titu prirode prije svih, ali i milion ovih NVO \u0161to se kao bave za\u0161titom donacija tj. prirode. Institut za javno zdravlje na \u010delu sa Mugo\u0161om bi opet bio u fokusu, formiralo bi se NKT, \u00a0jer to zna\u010di da nas Planta\u017ee bukvalno truju. Pokrenulo bi se i pitanje zatvaranje Planta\u017ea zbog opasnosti po zdravlje ljudi, jer, kako premijer Markovi\u0107 voli da ka\u017ee \u201e\u017eivoti i zdravlje gra\u0111ana su pre\u010di od svega\u201c. U pravnoj dr\u017eavi, ja bih podigao privatnu tu\u017ebu jer se godinama kupam na tom istom Kotli\u0161u, prilaze\u0107i mu mnogo nepristupa\u010dnijim putem sa druge strane rijeke, i dobio milionsku od\u0161tetu. Jer, mene su onda, zajedno sa djetetom i makar stotinjak kupa\u010da, Planta\u017ee u kontinuitetu i godinama trovale!<\/p>\n<p>Tako bi, zbog ove izjave \u2013 ako je istinita i ako je Crna Gora pravna dr\u017eava, Planta\u017ee mogu\u0107e bile zatvorene, ili bi po\u0161le u ste\u010daj zbog milionskih od\u0161teta koje bi morale platiti otrovanim gra\u0111anima. Koliko je marketin\u0161ki \u0161tetna takva izjava koju je javno izrekla menad\u017eerka sa 8000.00 eura plate &#8211; da ne govorimo. Kakvi su to proizvodi Planta\u017ea koji se iznose na tr\u017ei\u0161te i koje konzumiramo, ako se pri njihovom prskanju ugro\u017eava zdravlje ljudi udaljenih minimalno 200 metara od zone tretiranja?<\/p>\n<p>Nepune dvije godine nakon ove epizode sa javno izr\u010denim la\u017eima direktorice Mara\u0161, te nalazima partijske inspekcije, postao sam odbornik kao nestrana\u010dka li\u010dnost u Skup\u0161tini glavnog grada. Do prve radne sjednice na kojoj sam podnio ostavku jer nijesam htio da dajem legitimitet pokradenim izborima i izboru za gradona\u010delnika Podgorice nepismenog Slavoljuba Stijepovi\u0107a (kako sam i obrazlo\u017eio svoju ostavku), pozvan sam na nekoliko sastanaka i javnih rasprava. Na jednoj od njih, u organizaciji CGO, iznio sam problem sa nezakonito postavljenom ogradom Planta\u017ea. Pred dvadesetak \u201euglednih\u201c panelista i novinara nekoliko redakcija, predsjednik Op\u0161tinskog odbora DPS-a je poslije mog izlaganja o navedenom problemu uzeo rije\u010d i, javno, pred svima rekao, parafraziram: gospodine \u0160arki\u0107u, pa \u0161to nijeste rekli za taj problem? \u010cim se zavr\u0161i ova tribina ja \u0107u nazvati Vericu Mara\u0161 i problem \u0107e biti rije\u0161en.<\/p>\n<p>Kao novi u politici bio sam &#8216;bezazeknut&#8217;. Nijesam vjerovao da \u010dovjek javno, sa te funkcije, pred svima ka\u017ee kako \u0107e, umjesto institucija, DPS aparat\u010dici telefonskim pozivom izme\u0111u sebe rije\u0161iti problem,<\/p>\n<p>Izlaze\u0107i sa te tribine pri\u0111e mi novinarka radija Slobodne Evrope, tako\u0111e &#8216;bezazeknuta&#8217;, i pita me: \u010duste li vi gospodine \u0160arki\u0107u kako i na koji na\u010din oni rije\u0161avaju institucionalne probleme i vladavinu prava (to je bila tema skupa)?<\/p>\n<p><strong>Epilog:<\/strong><\/p>\n<p>Sporna tj. nezakonito postavljena ograda i dalje stoji, povezana je sa mostom na Cijevni prema Tuzima i, uz fizi\u010dko obezbje\u0111enje i dan danas protivzakonito se onemogu\u0107ava gra\u0111anima kori\u0161\u0107enje lijeve obale rijeke Cijevne \u2013 javnog dobra, u du\u017eini od 3 kilometra.<\/p>\n<h2><strong>\u201cZato danas i svakoga dana zakon mora biti jednak za sve. Mi smo du\u017eni da slu\u017eimo svojoj dr\u017eavi, a ne tu\u0111oj. To je obaveza svakog dr\u017eavnog organa i svake institucije za sprovo\u0111enje zakona. To je ustavna du\u017enost Vlade koju \u0107emo izvr\u0161iti\u201d, premijer Markovi\u0107.<\/strong><\/h2>\n","protected":false},"excerpt":{"rendered":"<p>Pi\u0161e: Omer \u0160ARKI\u0106<\/p>\n","protected":false},"author":12,"featured_media":286086,"comment_status":"open","ping_status":"closed","sticky":false,"template":"","format":"standard","meta":{"_seopress_robots_primary_cat":"","_seopress_titles_title":"","_seopress_titles_desc":"","_seopress_robots_index":"","_et_pb_use_builder":"","_et_pb_old_content":"","_et_gb_content_width":"","inline_featured_image":false,"footnotes":""},"categories":[17],"tags":[],"class_list":["post-291109","post","type-post","status-publish","format-standard","has-post-thumbnail","hentry","category-blogovi"],"_links":{"self":[{"href":"https:\/\/www.pcnen.com\/portal\/wp-json\/wp\/v2\/posts\/291109","targetHints":{"allow":["GET"]}}],"collection":[{"href":"https:\/\/www.pcnen.com\/portal\/wp-json\/wp\/v2\/posts"}],"about":[{"href":"https:\/\/www.pcnen.com\/portal\/wp-json\/wp\/v2\/types\/post"}],"author":[{"embeddable":true,"href":"https:\/\/www.pcnen.com\/portal\/wp-json\/wp\/v2\/users\/12"}],"replies":[{"embeddable":true,"href":"https:\/\/www.pcnen.com\/portal\/wp-json\/wp\/v2\/comments?post=291109"}],"version-history":[{"count":4,"href":"https:\/\/www.pcnen.com\/portal\/wp-json\/wp\/v2\/posts\/291109\/revisions"}],"predecessor-version":[{"id":291116,"href":"https:\/\/www.pcnen.com\/portal\/wp-json\/wp\/v2\/posts\/291109\/revisions\/291116"}],"wp:featuredmedia":[{"embeddable":true,"href":"https:\/\/www.pcnen.com\/portal\/wp-json\/wp\/v2\/media\/286086"}],"wp:attachment":[{"href":"https:\/\/www.pcnen.com\/portal\/wp-json\/wp\/v2\/media?parent=291109"}],"wp:term":[{"taxonomy":"category","embeddable":true,"href":"https:\/\/www.pcnen.com\/portal\/wp-json\/wp\/v2\/categories?post=291109"},{"taxonomy":"post_tag","embeddable":true,"href":"https:\/\/www.pcnen.com\/portal\/wp-json\/wp\/v2\/tags?post=291109"}],"curies":[{"name":"wp","href":"https:\/\/api.w.org\/{rel}","templated":true}]}}