{"id":290867,"date":"2020-05-13T08:54:22","date_gmt":"2020-05-13T06:54:22","guid":{"rendered":"https:\/\/www.pcnen.com\/portal\/?p=290867"},"modified":"2020-05-13T09:14:51","modified_gmt":"2020-05-13T07:14:51","slug":"vjernici-zanat-i-fakultet","status":"publish","type":"post","link":"https:\/\/www.pcnen.com\/portal\/2020\/05\/13\/vjernici-zanat-i-fakultet\/","title":{"rendered":"Vjernici (zanat i fakultet)"},"content":{"rendered":"<p>Rejhan mi je sin. Ima devet godina i voli da gleda tzv. Skup\u0161tinu vi\u0161e nego crtani film. Valjda mu je smje\u0161nija? Tako sam i ja danas malo gledao uz njega. Dok sam ja radio ne\u0161to, on me stalno zapitkivao.<\/p>\n<ul>\n<li>Je li ovaj blesav tata?<\/li>\n<li>Nije, samo glumi.<\/li>\n<li>Bo\u017ee, kakav ludak.<\/li>\n<li>Nije ludak, on se tako bori za novi mandat.<\/li>\n<li>Tamo su im velike plate?<\/li>\n<li>Pet-\u0161est puta ve\u0107a nego moja.<\/li>\n<li>Za ovo \u0161to se glupiraju?<\/li>\n<\/ul>\n<h2 style=\"text-align: center\">&#8230;<\/h2>\n<ul>\n<li>A kakva je ovo maska za lice ovome \u010diku preko usta, ba\u0161 je smije\u0161an?<\/li>\n<li>On glumi velikog Srbina, pa je stavio masku u tim bojama.<\/li>\n<li>A je li on stvarno iz Srbije?<\/li>\n<li>Nije, ima kod nas u Crnoj Gori dosta Srba, mada on to radi zbog mandata, ne zbog Srba ili Srbije.<\/li>\n<\/ul>\n<h2 style=\"text-align: center\">&#8230;<\/h2>\n<ul>\n<li>A ovaj, je li dobar?<\/li>\n<li>La\u017eov\u010dina Rejhane, kao svi manje-vi\u0161e tu. Pu\u0161ti me sad.<\/li>\n<li>Ali on vjeruje u Boga, ka&#8217; mi, stalno ga pominje.<\/li>\n<li>Ko la\u017ee, vara, kr\u0161i javnu datu rije\u010d i potpis, taj ne vjeruje u bilo \u0161to, Boga pogotovo. On se samo predstavlja vjernikom. Vjernik nije onaj koji ide u crkvu ili d\u017eamiju, a la\u017ee i vara.<\/li>\n<li>Pa jesu li to sve Milovi prijatelji kad su takvi?<\/li>\n<li>Predstavljaju se kao da nijesu, a u stvari jesu.<\/li>\n<li>Sad me stvarno pu\u0161ti, vidi\u0161 da ne znam \u0111e mi je glava od poslova. Polu\u0111eh od majstora.<\/li>\n<\/ul>\n<ul>\n<li>Ti si stalno nervozan kad ne\u0161to radi\u0161, ne mo\u017ee se pri\u010dati sa tobom.<\/li>\n<\/ul>\n<h2 style=\"text-align: center\">***<\/h2>\n<p>Limarija u ku\u0107i mi je stara izme\u0111u 40 i 50 godina. Ulazna vrata su mi od lifta. Prera\u0111ena da budu spoljna, ulazna vrata. Svojevremeno su me spasila od vojne policje koja je bezuspje\u0161no poku\u0161avala da ih razbije kundacima kako bi me priveli za rat u kome nijesmo u\u010destvovali. Prozori od soba su tako\u0111e toliko stari, izgra\u0111eni od metalnih kutija. Ru\u010dke za zatvaranje prozora su od nekog metala nalik mesingu. Prije dva mjeseca mi je ru\u010dka za zatvaranje prozora u mojoj sobi ostala u ruci. Samo mjesec kasnije isto se desilo sa ru\u010dkom od prozora u Rejhanovoj sobi. Sve ima svoj vijek trajanja, \u010dak i metal, a ne mi ili vlast. Dvije metalne ru\u010dice su pukle prakti\u010dno u isto vrijeme, poslije 40 ili 50 godina!<\/p>\n<p>Odavno mi je u sobama i hodniku, zimi, promaja u pravom smislu te rije\u010di, a nikako da zamijenim bravariju. Sjetih se da bih najzad to mogao da uradim od onih para \u0161to sam pokrao iz Brisela, a dok sam na ovom odsustvu sa posla zbog djeteta (hvala koroni i NKT-u) ispod 11 godina starosti.<\/p>\n<p>Tako sam odlu\u010dio da metalnu konstrukciju na terasi iste starosti (40-50 godina) zamijenim PVC\u00a0 bravarijom, oba prozora od soba, te \u010duvena vrata od lifta. Me\u0111utim, da ne bi izazvao podozrenje na\u0161e budne javnosti (okle mu pare?) i da bi sve izgledalo kao u Skup\u0161tini, spoljna vrata sam kupio rabljena, polovna po na\u0161ki. Mnogo mi je bilo dati cijelu platu (350.00 eura) slu\u017ebenika Monte Karla za vrata, te kupih polovna za 50.00 eura.<\/p>\n<p>350.00 eura za vrata, ve\u0107e je \u010dak i od dnevnice najboljeg menad\u017eera u dr\u017eavi, Verice Mara\u0161.<\/p>\n<p>Ali, kako je \u0161tok (okvir) pri va\u0111enju o\u0161te\u0107en sa jedne strane, morao sam na\u0107i stolara da izradi taj dio. Ekonomista, pravnika, menad\u017eera, pogotovu menad\u017eerki svih vrsta ima milion u dr\u017eavi od \u0161esto hiljada stanovnika. Bez posla njih najvi\u0161e. Ali zanatlija \u2013 i to uglavnom priu\u010denih, ni za lijek. Najzad, po preporuci, na\u0111oh jednog. Odnesoh mu polomljeni dio okvira vrata sa molbom da mi ga naparvi, dok ja sredim ostalo na njima i za\u0161titim ih lakom.<\/p>\n<ul>\n<li>Pretrpan sam poslom, tek za nedelju dana ti to mogu uraditi (prvi put vidim \u010dovjeka).<\/li>\n<li>Nije problem. Koliko \u0107e me to ko\u0161tati?<\/li>\n<li>10.00 eura.<\/li>\n<li>Odgovara mi. Hvala. Vidimo se slede\u0107e nedjelje.<\/li>\n<\/ul>\n<p>U me\u0111uvremenu sam tra\u017eio majstora koji \u0107e mi skinuti stara vrata i prozore, doraditi malo otvore kada se isti skinu, staviti \u010detiri kvadratna metra keramike u hodniku, uraditi sitna \u201ekrpljenja\u201c ku\u0107e, te majstore koji \u0107e mi uraditi PVC bravariju&#8230;<\/p>\n<p>PVC majstori su mi za 3,42 kvm dali slede\u0107e ponude:<\/p>\n<ul>\n<li>550.00 eura \u201eali je moja vrhunska PVC stolarija iz Njema\u010dke, nije Turska\u201c.<\/li>\n<li>440.00 eura \u201eali je moja iz Njema\u010dke, nije ka&#8217; kod ovih iz Turske. Za jedno 15 dana ti je mogu ugradit, prebukiran sam.\u201c<\/li>\n<li>410.00 eura \u201eplus jedno 30.00-40.00 eura ako \u0107e\u0161 ona posebna stakla \u201e\u010detiri godi\u0161nja doba\u201c. Mora\u0107e\u0161 \u010dekati oko 20 dana, imam puno narud\u017ebi\u201c.<\/li>\n<li>400.00 eura \u201eNjema\u010dki PVC\u201c.<\/li>\n<\/ul>\n<p>Taman kada se odlu\u010dih za ovu poslednju ponudu, rakoh da vidim rade li to u \u201e7 Avgust\u201c. Rade. Isto je Njema\u010dki PVC, cijena je 360.00 eura sa staklima \u201e\u010detiri godi\u0161nja doba\u201c, isporuka i ugradnja za 4-5 dana.<\/p>\n<ul>\n<li>Ho\u0107ete li okapnicu?<\/li>\n<li>\u0160to vam je to i koliko uve\u0107ava cijenu?<\/li>\n<li>Gospodine, okapnica zbog ki\u0161e. Ne ko\u0161ta ni\u0161ta, \u010dastimo vas jer ste mi simpati\u010dni (ja nekome simpati\u010dan!)<\/li>\n<li>A prozori 140 x 120 cm koliko bi me ko\u0161tali?<\/li>\n<li>Oko 170.00 eura po komadu.<\/li>\n<\/ul>\n<p>E njih \u0107u kupiti u KIPS, na popust 10%, tj. 117.00 eura po komadu. Nijesu ni turski, ni njema\u010dki, nego makedonski \u201eali do sada nijesu imali primjedbi i reklamacija na njih\u201c.<\/p>\n<p>Razlika u cijenama je, kao \u0161to vidite, skoro kao razlika izme\u0111u moje, odnosno va\u0161e plate i Veri\u010dine, ili onog menad\u017eera u Montengroairliensu.<\/p>\n<p>Sjutra je dan \u201eD\u201c, po\u010dinju radovi. Glavni izvo\u0111a\u010d radova, moj mali Bemax mi je telefonom diktirao \u0161to sve od materijala treba da kupim. Ali, onaj stolar za \u0161tok od vrata me jo\u0161 nije pozvao, iako je pro\u0161lo sedam dana? Upalih automobil i u osam sati ujutro sam ve\u0107 bio u njegovoj radionici, na Karbu\u0161kom polju. Dok sam pisao ceduljicu sa molbom da me pozove jer ga ne zatekoh, kad, eto ga!<\/p>\n<ul>\n<li>Upravo sam danas planirao da ti zavr\u0161im ono.<\/li>\n<li>Molim Vas, sjutra mi dolazi majstor.<\/li>\n<li>Ne brini, popodne ti to zavr\u0161avam i zovem te.<\/li>\n<\/ul>\n<p>18 je sati. Ne zove. Opet idem u Karabu\u0161ko polje, dok veliki Bemax punom parom i svim sredstvima zavr\u0161ava Bulevar \u201edo pola\u201c prema Tuzima. Bi\u0107e sve\u010dano otvoren za 21. maj. Silu na sramotu. Evo, vidje\u0107ete.<\/p>\n<p>Radionica zatvorena. Uzimam majstorov broj telefona od kom\u0161ije mu. Uporno zovem \u2013 ne javlja se. Sav drhtim od bijesa dok idem kod prijatelja da pozajmim 500.00 eura, jer formulare za kredit od 800.00 eura (tri dnevnice Verice Mara\u0161) nema ko da mi ovjeri u firmi ove nedjelje.<\/p>\n<p>Najzad se javi majstor (poslije \u010detvrtog poziva):<\/p>\n<ul>\n<li>Bogomi nijesam stigao, evo montiram neka vrata, a poslije toga moram da iftarim (iftar \u2013 objed poslije ramazanskog posta)<\/li>\n<li>Ali, obe\u0107ali ste mi da \u0107e sigurno biti gotovo danas. Rekao sam Vam da mi sjutra dolazi majstor, a taj dio nijesam ni prefarbao!<\/li>\n<li>Pa, \u0161to \u0107u ja. Moram iftarit. Ujutro \u0107u ti to zavr\u0161it.<\/li>\n<\/ul>\n<p>Prekidoh vezu bez rije\u010di. Mislim se: dobro je \u0161to je preko telefona, nekad se potpuno izgubim od bijesa, \u010dini mi se da bih u trenutku mogao ubiti \u010dovjeka. Toga se najvi\u0161e pla\u0161im kod sebe.<\/p>\n<p>Vjernik koji posti Ramazan, dok ovamo bezo\u010dno la\u017ee i vara, o\u010dito misli da je vjernik samo zbog toga \u0161to posti, ide u d\u017eamiju ili klanja pet vakata namaza. Skoro sam siguran da nije pro\u010ditao Kuran. Da jeste: ili bi bio \u010dastan, ili bi bio to \u0161to jeste u stvari, te ne bi postio i predstavljao se vjernikom. Takva nam je ve\u0107ina vjernika danas.<\/p>\n<p>Dolazi mi Svetlana na kafu. Nije mi \u010dlan porodice, a jo\u0161 smo se poljubili kada smo se poslije dva mjeseca sreli i vidjeli. Eto mi sad jo\u0161 \u00a0krivi\u010dne prijave ako ovo pro\u010dita neko iz NKT!<\/p>\n<p>Dok \u0107akulamo, ja se svako malo gubim u razmi\u0161ljanjima, onako nervozan i sav unezvijeren zbog de\u0161avanja sa majstorima i posla koji me \u010deka naredna 3-4 dana. U to me zove\u00a0 glavni majstor, moj mali Bemax, \u201estru\u010dan\u201c za sve majstorske poslove:<\/p>\n<ul>\n<li>Omere, izvini, ali ne mogu do\u0107i sjutra?<\/li>\n<li>Kako ne mo\u017ee\u0161?<\/li>\n<li>Ispao mi je neki drugi, ve\u0107i i ja\u010di posao. Ako me mo\u017ee\u0161 sa\u010dekati 5-6 dana dok to zavr\u0161im, ako ne, na\u0111i drugog majstora.<\/li>\n<li>Ali kupio sam ti materijal koji si mi tra\u017eio, zna\u0161 da mi za 3-4 dana dolaze majstori da mi postave PVC i da do tada sve treba biti spremno.<\/li>\n<li>\u017dao mi je, ne mogu. Morao sam prihvatiti ovaj posao. Mnogo je ve\u0107i, a \u010dovjek mi uz to duguje neka pare od prija\u0161njeg posla&#8230;<\/li>\n<\/ul>\n<p>Nikad nikom nijesam ostao du\u017ean. Svakog majstora sam isplatio odmah i \u010dastio minimalno 10%, pa i njega kada mi je jednom radio. \u0160to je gre\u0161ka, o\u010dito. Trebao sam mu ostati du\u017ean.<\/p>\n<p>Svetlani sam klimao glavom, preznojavaju\u0107i se, iako \u010desto vi\u0161e nijesam znao o \u010demu pri\u010damo. Od 20 do 22 sata sam bio stalno na telefonu, poku\u0161avaju\u0107i na\u0107i drugog majstora&#8230;<\/p>\n<p>Rejhan je svemu bio prisutan, shvatio situaciju i, ka\u017ee mi: sad vidim za\u0161to ho\u0107e\u0161 da idem na zanat, a ne na fakultet.<\/p>\n<p>Ve\u0107 je dva sata poslije pono\u0107i, ne mogu da spavam, iako je \u201cmoje vijeme\u201c oko 23 sata. Svaki put mi se ponavlja ista pri\u010da sa \u201emajstorima\u201c. \u017divot su mi skratili vi\u0161e i od protesta.<\/p>\n<p>A nemam volje niti mi se zove neka menad\u017eerka koja zanatski zna odraditi posao, te mi je jedino ostalo da izdu\u0161im ovako, pi\u0161u\u0107i.<\/p>\n<p>&nbsp;<\/p>\n","protected":false},"excerpt":{"rendered":"<p>Pi\u0161e: Omer \u0160ARKI\u0106<\/p>\n","protected":false},"author":12,"featured_media":286086,"comment_status":"open","ping_status":"closed","sticky":false,"template":"","format":"standard","meta":{"_seopress_robots_primary_cat":"","_seopress_titles_title":"","_seopress_titles_desc":"","_seopress_robots_index":"","_et_pb_use_builder":"","_et_pb_old_content":"","_et_gb_content_width":"","inline_featured_image":false,"footnotes":""},"categories":[17],"tags":[],"class_list":["post-290867","post","type-post","status-publish","format-standard","has-post-thumbnail","hentry","category-blogovi"],"_links":{"self":[{"href":"https:\/\/www.pcnen.com\/portal\/wp-json\/wp\/v2\/posts\/290867","targetHints":{"allow":["GET"]}}],"collection":[{"href":"https:\/\/www.pcnen.com\/portal\/wp-json\/wp\/v2\/posts"}],"about":[{"href":"https:\/\/www.pcnen.com\/portal\/wp-json\/wp\/v2\/types\/post"}],"author":[{"embeddable":true,"href":"https:\/\/www.pcnen.com\/portal\/wp-json\/wp\/v2\/users\/12"}],"replies":[{"embeddable":true,"href":"https:\/\/www.pcnen.com\/portal\/wp-json\/wp\/v2\/comments?post=290867"}],"version-history":[{"count":5,"href":"https:\/\/www.pcnen.com\/portal\/wp-json\/wp\/v2\/posts\/290867\/revisions"}],"predecessor-version":[{"id":290875,"href":"https:\/\/www.pcnen.com\/portal\/wp-json\/wp\/v2\/posts\/290867\/revisions\/290875"}],"wp:featuredmedia":[{"embeddable":true,"href":"https:\/\/www.pcnen.com\/portal\/wp-json\/wp\/v2\/media\/286086"}],"wp:attachment":[{"href":"https:\/\/www.pcnen.com\/portal\/wp-json\/wp\/v2\/media?parent=290867"}],"wp:term":[{"taxonomy":"category","embeddable":true,"href":"https:\/\/www.pcnen.com\/portal\/wp-json\/wp\/v2\/categories?post=290867"},{"taxonomy":"post_tag","embeddable":true,"href":"https:\/\/www.pcnen.com\/portal\/wp-json\/wp\/v2\/tags?post=290867"}],"curies":[{"name":"wp","href":"https:\/\/api.w.org\/{rel}","templated":true}]}}