{"id":290644,"date":"2020-05-11T06:41:30","date_gmt":"2020-05-11T04:41:30","guid":{"rendered":"https:\/\/www.pcnen.com\/portal\/?p=290644"},"modified":"2020-05-11T06:44:03","modified_gmt":"2020-05-11T04:44:03","slug":"gorica","status":"publish","type":"post","link":"https:\/\/www.pcnen.com\/portal\/2020\/05\/11\/gorica\/","title":{"rendered":"Gorica"},"content":{"rendered":"<p>Gorica je ve\u0107 du\u017ee vrijeme postalo glavno izleti\u0161te Podgori\u010dana: mjesto za \u0161etnju, rekreaciju, dru\u017eenje, \u201ehvatanje zraka\u201c. Ovih dana, poslije karantina, pogotovu predve\u010de, Gorica je bez premca najposje\u0107eniji dio Podgorice. I najljep\u0161i \u2013 dodao bih.<\/p>\n<p>Ja preferiram ranojutarnju rekreaciju \u2013 kad sam u mogu\u0107nosti: svje\u017eije je, nema gu\u017eve, miris \u0161ume i prirode je ja\u010di i bolje se upija.<\/p>\n<p>Nekad, kad sam bio dijete, na Gorici nije bilo \u0161eta\u010da. Tada nam je Gorica slu\u017eila za trku trotinetima, branje ko\u0161\u0107ela, skrovite ljubavne sastanke. U to vrijeme nije bilo stresa, pa ni potrebe da ga lije\u010dimo. Onda je do\u0161lo moderno vrijeme. I stres, tj. \u201edemokratija\u201c.<\/p>\n<p>Na Gorici vlada socijalizam. Novac nije potreban i svi smo tamo jednaki (zanemari\u0107u markiranu sportsku opremu kod pojedinaca). Svi slojevi dru\u0161tva, svi uzrasti, oba pola podjednako se rekreiraju Goricom. Njom \u0161etaju ili se rekreiraju: od djece u kolicima do penzionera, od radnika do bankara i diplomatskih predstavnika, od onih koji su menekenski gra\u0111eni do onih koji bi takvu gra\u0111u \u017eeljeli da imaju. \u00a0No, svemu tome ste sami svjedoci i o tome dalje ne\u0107u. Ne\u0107u ni o tome kako je taj podgori\u010dki raj napadnut gradnjom i oskvrnavljen sa svih strana.<\/p>\n<p>Kako dr\u017eavi, tako gradu, nedostatak novca je jedan od glavnih izgovora za mnogo \u0161to. Onda se u pomo\u0107 zovu \u201estrate\u0161ki investitori\u201c. Da se bez novca, ili sa malo novca mo\u017ee ne\u0161to urediti ili unerediti primjer je upravo Gorica. Gorica je i primjer kako se rasipa novac koga nemamo. O tome \u017eelim da pi\u0161em.<\/p>\n<div id=\"attachment_290648\" style=\"width: 249px\" class=\"wp-caption alignleft\"><img loading=\"lazy\" decoding=\"async\" aria-describedby=\"caption-attachment-290648\" class=\" wp-image-290648\" src=\"https:\/\/www.pcnen.com\/portal\/wp-content\/uploads\/2020\/05\/Botanicka-basta-169x300.jpg\" alt=\"\" width=\"239\" height=\"424\" \/><p id=\"caption-attachment-290648\" class=\"wp-caption-text\">Gorica: Botani\u010dka ba\u0161ta<\/p><\/div>\n<p>Odmah na po\u010detku Gorice, prije spomenika, Udru\u017eenje ljubitelja Gorice je, bez i\u010dega, samo sa entuzijazmom, krenulo da pravi Botani\u010dku ba\u0161tu. Sada je ta ba\u0161ta pravi ukras brda. Njen dio gdje se mo\u017ee vidjeti, nau\u010diti, skloniti, odmoriti i pravo u\u017eivati u jednoj mini botani\u010dkoj ba\u0161ti. Uz mala materijalna ulaganja, Gorica i grad su tom ba\u0161tom dobile puno.<\/p>\n<p>Penju\u0107i se dalje nailazimo na potpuno suprotan primjer &#8211; kontejner za smje\u0161taj vatrogasaca u ljetnoj sezoni po\u017eara. Tik pored puta kojim svakog dana pro\u0111e hiljade i i hiljade \u0161eta\u010da, postavljen je metalni, r\u0111avi, do zla boga ru\u017eni kontejner, koji je pravo, mo\u017eda jedino ruglo unutra\u0161njeg dijela Gorice. Uvijek mi je neprijatno kada ga vidim \u2013 a moram ga vidjeti. Jo\u0161 kada primjetim da me\u0111u \u0161eta\u010dima ima stranaca ili predstavnika stranih zemalja u Crnoj Gori, prosto me bude muka.<\/p>\n<div id=\"attachment_290649\" style=\"width: 217px\" class=\"wp-caption alignright\"><img loading=\"lazy\" decoding=\"async\" aria-describedby=\"caption-attachment-290649\" class=\" wp-image-290649\" src=\"https:\/\/www.pcnen.com\/portal\/wp-content\/uploads\/2020\/05\/Kontejner-169x300.jpg\" alt=\"\" width=\"207\" height=\"367\" srcset=\"https:\/\/www.pcnen.com\/portal\/wp-content\/uploads\/2020\/05\/Kontejner-169x300.jpg 169w, https:\/\/www.pcnen.com\/portal\/wp-content\/uploads\/2020\/05\/Kontejner.jpg 508w\" sizes=\"(max-width: 207px) 100vw, 207px\" \/><p id=\"caption-attachment-290649\" class=\"wp-caption-text\">Gorica: Kontejner<\/p><\/div>\n<p>Izgraditi neku drvenu ku\u0107icu ili brnvnaru za vatrogasce \u2013 u skladu sa ambijentom, investicija je od par hiljada eura. Dakle, mizerna svota za Glavni grad, koja se ne mo\u017ee pravdati nedostatkom novca. \u00a0Em bi samim vatrogascima bio pristojniji i udobniji smje\u0161taj, em bi sve izgledalo pristojno i kako dolikuje. Ali, eto, stra\u0161ilo od kontejnera ve\u0107 nekoliko godina ru\u017ei izgled Gorice. O\u010dito je u pitanju birokratska nezainteresovanost i nebriga za izgled Glavnog garada, a ne nedostatak novca.<\/p>\n<p>Pro\u0161log ljeta je gradona\u010delnik Vukovi\u0107 na nekoliko mjesta u grad postavio bidone sa vodom. Akcija i ideja je izazvala podsmjeh Podgori\u010dana, pogotovu \u0161to su bidoni sa vodom po pravilu postavljani u blizini javnih \u010desmi. Gradona\u010delnika Vukovi\u0107a su zbog te akcije posprdno prozvali \u201eIvo bidon\u201c. Ako gdje trebaju bidoni sa vodom to je upravo brdo Gorica. Javne \u010desme, osim u podno\u017eju Gorice &#8211; nema, te skoro svi \u0161eta\u010di i rekreativci sa sobom nose fla\u0161e sa vodom, a neke od tih fla\u0161a zav\u0161e, umjesto u korpi za otpadke, po samom brdu. Evo prilike Ivu da se ispravi i obezbjedi pitku vodu na Gorici. Makar iz bidona!<\/p>\n<div id=\"attachment_290656\" style=\"width: 179px\" class=\"wp-caption alignleft\"><img loading=\"lazy\" decoding=\"async\" aria-describedby=\"caption-attachment-290656\" class=\"size-medium wp-image-290656\" src=\"https:\/\/www.pcnen.com\/portal\/wp-content\/uploads\/2020\/05\/Parking-169x300.jpg\" alt=\"\" width=\"169\" height=\"300\" \/><p id=\"caption-attachment-290656\" class=\"wp-caption-text\">Gorica: Parking<\/p><\/div>\n<p>Nekad su u podno\u017eju Gorice, ta\u010dno preko puta crkve Svetog \u0110or\u0111a, bila \u010detiri teniska terena. Mislim da ih je izgradio Glavni grad i da su crkva i mitropolit Amfilohija protestvovali \u010dak zbog gradnje terena preko puta crkve. Teniski tereni u samom podno\u017eju su davali poseban \u0161mek samom brdu Gorica i cijelom prostoru, a mislim da su i Bogu bili ugodni. Jer sve \u0161to je lijepo, Bogu je ugodno. Mnogi \u0161eta\u010di i rekreativci bi stali tu da odmare gledaju\u0107i tenis. Upaljeni reflektori nave\u010de, uz prelijepe terene u podno\u017eju brda, su Podgorici zaista davali \u0161mek &#8220;evropske metropole\u201c \u2013 kako na\u0161i zvani\u010dnici vole da ka\u017eu. Onda je bahati vezir Mugo\u0161a, kao gradona\u010delnik, odlu\u010dio da poru\u0161i terene koji je isti taj grad izgradio. Investiciju od preko sto hiljada eura! I to, kako sam nezvani\u010dno \u010duo, uradio je iz inata, zbog sukoba sa jednim svojim kolegom koji je jedan od tih \u010detiri terena koristio kao svoj.<\/p>\n<p>Ve\u0107 desetak godina umjesto teniskih terena imamo ru\u017ean, \u201eizlokan\u201c parking, za koga parking na buvljoj pijaci u Tuzima mo\u017ee poslu\u017eiti kao reper.<\/p>\n<p>Nije sve u novcu \u2013 u viziji i upravljanju je.<\/p>\n","protected":false},"excerpt":{"rendered":"<p>Autor: Omer \u0160ARKI\u0106<\/p>\n","protected":false},"author":12,"featured_media":286086,"comment_status":"open","ping_status":"closed","sticky":false,"template":"","format":"standard","meta":{"_seopress_robots_primary_cat":"","_seopress_titles_title":"","_seopress_titles_desc":"","_seopress_robots_index":"","_et_pb_use_builder":"","_et_pb_old_content":"","_et_gb_content_width":"","inline_featured_image":false,"footnotes":""},"categories":[17],"tags":[],"class_list":["post-290644","post","type-post","status-publish","format-standard","has-post-thumbnail","hentry","category-blogovi"],"_links":{"self":[{"href":"https:\/\/www.pcnen.com\/portal\/wp-json\/wp\/v2\/posts\/290644","targetHints":{"allow":["GET"]}}],"collection":[{"href":"https:\/\/www.pcnen.com\/portal\/wp-json\/wp\/v2\/posts"}],"about":[{"href":"https:\/\/www.pcnen.com\/portal\/wp-json\/wp\/v2\/types\/post"}],"author":[{"embeddable":true,"href":"https:\/\/www.pcnen.com\/portal\/wp-json\/wp\/v2\/users\/12"}],"replies":[{"embeddable":true,"href":"https:\/\/www.pcnen.com\/portal\/wp-json\/wp\/v2\/comments?post=290644"}],"version-history":[{"count":5,"href":"https:\/\/www.pcnen.com\/portal\/wp-json\/wp\/v2\/posts\/290644\/revisions"}],"predecessor-version":[{"id":290657,"href":"https:\/\/www.pcnen.com\/portal\/wp-json\/wp\/v2\/posts\/290644\/revisions\/290657"}],"wp:featuredmedia":[{"embeddable":true,"href":"https:\/\/www.pcnen.com\/portal\/wp-json\/wp\/v2\/media\/286086"}],"wp:attachment":[{"href":"https:\/\/www.pcnen.com\/portal\/wp-json\/wp\/v2\/media?parent=290644"}],"wp:term":[{"taxonomy":"category","embeddable":true,"href":"https:\/\/www.pcnen.com\/portal\/wp-json\/wp\/v2\/categories?post=290644"},{"taxonomy":"post_tag","embeddable":true,"href":"https:\/\/www.pcnen.com\/portal\/wp-json\/wp\/v2\/tags?post=290644"}],"curies":[{"name":"wp","href":"https:\/\/api.w.org\/{rel}","templated":true}]}}