{"id":290000,"date":"2020-05-02T13:32:24","date_gmt":"2020-05-02T11:32:24","guid":{"rendered":"https:\/\/www.pcnen.com\/portal\/?p=290000"},"modified":"2020-05-02T13:32:24","modified_gmt":"2020-05-02T11:32:24","slug":"sloboda-medija-u-crnoj-gori-i-dalje-ugrozena","status":"publish","type":"post","link":"https:\/\/www.pcnen.com\/portal\/2020\/05\/02\/sloboda-medija-u-crnoj-gori-i-dalje-ugrozena\/","title":{"rendered":"Sloboda medija u Crnoj Gori i dalje ugro\u017eena"},"content":{"rendered":"<p>Crna Gora ovogodi\u0161nji Dan slobode medija do\u010dekuje na 105. mjestu na listi nevladine organizacije \u2018Reporteri bez granica\u2019 u njihovom najnovijem izvje\u0161taju o slobodi medija, smje\u0161tena izme\u0111u dvije afri\u010dke dr\u017eave Mozambika i Angole. To je samo jedno\u00a0 mjesto vi\u0161e (odnosno lo\u0161ije) od onog koje je na istoj listi zauzimala prije \u010detiri godine, kada je sada\u0161njaVlada po\u010dela mandat.<\/p>\n<p>Ova pozicija na listi od 180 dr\u017eava je za brigu, posebno zbog \u010dinjenice da su Crnu Goru pretekli svi u region, a posebno zato \u0161to i ovaj Dan slobode medija do\u010dekujemo bez znanja o tome ko je naru\u010dio ubistvo direktora i glavnog urednika dnevnika \u201cDan\u201d Du\u0161ka Jovanovi\u0107a, ko su naru\u010dioci i puca\u010d u novinarku dnevnika \u201cVijesti\u201d Oliveru Laki\u0107, ko su naru\u010dioci i izvr\u0161ioci napada na novinare Tufika Softi\u0107a i Mladena Stojovi\u0107a, na imovinu medijske organizacije \u201cVijesti\u201d.<\/p>\n<p>Za brigu svakoga ko istinski \u017eeli da vidi Crnu Goru kao demokratsku dr\u017eavu i odgovorno dru\u0161tvo je i to \u0161to ovogodi\u0161nji Dan slobode medija do\u010dekujemo sa RTCG, nacionalnim javnim emiterom, koji se svakodnevno ruga profesionalnim standardima i etici, a podilazi niskim nedemokratskim ukusima i standardima vlasti, interesima grupa i pojedinaca koji vanustavno i nezakonito koriste mo\u0107 za kontrolu dru\u0161tva.<\/p>\n<p>Za brigu svakoga slobodnog gra\u0111anina i gra\u0111anke u Crnoj Gori je i to \u0161to ovogodi\u0161nji Dan slobode medija do\u010dekujemo bez ijednog nagovje\u0161taja da \u0107e do\u0107i promjena na bolje, nego, naprotiv, sa nagovje\u0161tajima da \u0107e slobode zapisane u Ustavu i jo\u0161 uvijek va\u017ee\u0107im zakonima biti redukovane ili suspendovane.<\/p>\n<p>Nadamo se da \u0107e novinari i svi drugi istinski medijski profesionalci ovogodi\u0161nji Dan slobode medija iskoristiti da se kriti\u010dki zagledaju u sebe i u stvarnost u kojoj djeluju, kako bi dodatno osna\u017eili svoje samopouzdanje u predstoje\u0107oj borbi za javni interes i op\u0161tu dobrobit.<\/p>\n<p><strong>Dragoljub Du\u0161ko Vukovi\u0107,<\/strong><br \/>\npredsjednik Skup\u0161tine Media centra<\/p>\n","protected":false},"excerpt":{"rendered":"<p>Saop\u0161tenje Media centra povodom svjetskog Dana slobode medija<\/p>\n","protected":false},"author":1,"featured_media":0,"comment_status":"open","ping_status":"closed","sticky":false,"template":"","format":"standard","meta":{"_seopress_robots_primary_cat":"","_seopress_titles_title":"","_seopress_titles_desc":"","_seopress_robots_index":"","_et_pb_use_builder":"","_et_pb_old_content":"","_et_gb_content_width":"","inline_featured_image":false,"footnotes":""},"categories":[3,14],"tags":[],"class_list":["post-290000","post","type-post","status-publish","format-standard","hentry","category-analize-i-misljenja","category-vijesti"],"_links":{"self":[{"href":"https:\/\/www.pcnen.com\/portal\/wp-json\/wp\/v2\/posts\/290000","targetHints":{"allow":["GET"]}}],"collection":[{"href":"https:\/\/www.pcnen.com\/portal\/wp-json\/wp\/v2\/posts"}],"about":[{"href":"https:\/\/www.pcnen.com\/portal\/wp-json\/wp\/v2\/types\/post"}],"author":[{"embeddable":true,"href":"https:\/\/www.pcnen.com\/portal\/wp-json\/wp\/v2\/users\/1"}],"replies":[{"embeddable":true,"href":"https:\/\/www.pcnen.com\/portal\/wp-json\/wp\/v2\/comments?post=290000"}],"version-history":[{"count":1,"href":"https:\/\/www.pcnen.com\/portal\/wp-json\/wp\/v2\/posts\/290000\/revisions"}],"predecessor-version":[{"id":290002,"href":"https:\/\/www.pcnen.com\/portal\/wp-json\/wp\/v2\/posts\/290000\/revisions\/290002"}],"wp:attachment":[{"href":"https:\/\/www.pcnen.com\/portal\/wp-json\/wp\/v2\/media?parent=290000"}],"wp:term":[{"taxonomy":"category","embeddable":true,"href":"https:\/\/www.pcnen.com\/portal\/wp-json\/wp\/v2\/categories?post=290000"},{"taxonomy":"post_tag","embeddable":true,"href":"https:\/\/www.pcnen.com\/portal\/wp-json\/wp\/v2\/tags?post=290000"}],"curies":[{"name":"wp","href":"https:\/\/api.w.org\/{rel}","templated":true}]}}