{"id":289136,"date":"2020-04-19T18:32:20","date_gmt":"2020-04-19T16:32:20","guid":{"rendered":"https:\/\/www.pcnen.com\/portal\/?p=289136"},"modified":"2020-04-19T18:55:52","modified_gmt":"2020-04-19T16:55:52","slug":"bauk-kruzi-svijetom","status":"publish","type":"post","link":"https:\/\/www.pcnen.com\/portal\/2020\/04\/19\/bauk-kruzi-svijetom\/","title":{"rendered":"Bauk kru\u017ei svijetom"},"content":{"rendered":"<p>Bauk virusa kru\u017ei Evropom i svijetom. Bauk protiv koga svijet, prije svega onaj najrazvijeniji, nema odgovor. Taj svijet se svakog dana pripremao za rat i vojno uni\u0161tenje protivnika, ujedino se u vojni savez protiv vi\u0161e imaginarnih nego stvarnih neprijatelja, ula\u017eu\u0107i svake godine milijarde dolara i eura, a nije napravio,\u00a0 zajedni\u010dki nau\u010dno \u2013 medicinski savez za borbu protiv bolesti, zaraza i pandemija. Zato od II Svjestskog rata, niko svijet nije\u00a0 pokorio, opusto\u0161io, ubio mu slobodu kao jedan (ne)obi\u010dan virus. Taj svijet ima hiljade raketa, balisti\u010dkih, ovakvih i onakvih, a nema dovoljno respiratora, rukavica, maski za lice \u010dak. Vrijednost samo jedne rakete, borbenog aviona ili tenka, ko\u0161ta vi\u0161e nego hiljade respiratora. Raketa ubija i sakati ljude, respiratori ih spa\u0161avaju. Zato je taj vrli svijet sad tu, \u0111e jeste.<\/p>\n<p>I Crna Gora je napadnuta. Ovaj put stvarno, ne propagandno. Od virusa, a ne od usta\u0161a, mud\u017eahedina, \u010detnika i \u201csa dobro poznatih adresa\u201d. Vlada je reagovala pravovremeno i brzo. Odmah je uvela o\u0161tre mjere, prije nego je registrovan prvi slu\u010daj zaraze. Neko ko o\u010digledno ima uticaja na donosioce politi\u010dkih odluka je prezentovao situaciju i predo\u010dio da nam je zdravstvo, kadrovski, a prije svega materijalno, u takvom stanju, da, ako se na vrijeme ne preduzmu drasti\u010dne mjere, nasta\u0107e haos. Na\u0161e javno zdravstvo je na po\u010detku svega raspolagalo sa \u0161ezdesetak respiratora. Za\u0161titnih rukavica i maski nije bilo ni za zdravstvene radnike, kamoli za gra\u0111ane. No, kada je dosljedni ekonomista Kenan Hrapovi\u0107 ministar zdravlja, i to je odli\u010dno. Zatim je krenula op\u0161ta mobilizacija, donacije, uobi\u010dajno pro\u0161enje po Evropi i svijetu. Pandemija se, zahvaljuju\u0107i ponekad i nerazumnim mjerama, dr\u017eala i dr\u017ei pod kontrolom. Sada smo u zdravstvu (ali ne u ekonomiji) ve\u0107 koliko-toliko spremni da se suo\u010dimo sa epidemijom, \u010diji kraj i ishod niko ne zna. Jer ni taj vrli, napredni svijet, kako nau\u010dni &#8211; tako politi\u010dki, utiska sam, jo\u0161 ni sam ne zna kuda sve ovo vodi, da li mu ima kraja, kakav \u0107e on biti. O svim onim drugim \u201cneprijateljima\u201d smo znali sve, a o virusu i dalje ne znamo ni\u0161ta. Naprotiv, \u010dini mi se da svakim danom znamo sve manje. Ili su vijesti takve, da prosto zbunjuju, bar mene.<\/p>\n<p>Da ne pi\u0161em vi\u0161e o onome \u0161to ne znam, ve\u0107 o onome \u0161to znam ili mogu pretpostaviti.<\/p>\n<p>Znam da \u0107e nastupiti takva ekonomska kriza kakvu trenutno slabo ko mo\u017ee i zamisliti. \u00a0Znam i da \u0107e posljedice dugotrajnog karanantina i nastupaju\u0107e krize biti neupredivo ve\u0107e i ubita\u010dnije nego su do sada bile od Covida-19. Znam i da svijet poslije svega ne mo\u017ee ostati isti. Nada mi je da \u0107e biti bolji, a pla\u0161im se da \u0107e biti gori.<\/p>\n<p>Znam da \u0107e u Crnoj Gori nastupiti glad u bukvalnom smislu te rije\u010di. Mislim da \u0107e se ubrzo, svakako prije kraja maja ili po\u010detka juna \u2013 kako je najavljeno, mjere po\u010deti ubla\u017eavati, \u010dak i ako virus po\u010dne da se \u0161iri, jer sada\u0161nje mjere jednostavno ekonomski ne mo\u017eemo izdr\u017eati du\u017ee od dva mjeseca.<\/p>\n<p>Znam i da smo u izbornoj godini, da su nam glavne \u201cinstitucije\u201d za sprovo\u0111enje izbora nelegitimne ili u VD \u00a0stanju, da je politi\u010dki \u017eivot mrtav, da problem sa crkvom nije rije\u0161en\u2026<\/p>\n<p>Znam i da zbog izbora i nerije\u0161enih afera tra\u017eena Vlada gra\u0111anskog jedinstva bi bila ljekovita, ba\u0161 u ovoj situaciji sa borbom protiv virusa &#8211; a ne samo zbog izbora, upravo zbog tog, ve\u0107eg gra\u0111anskog jedinstva. Na \u017ealost, za tako ne\u0161to nije bilo sluha i politi\u010dke volje. Skoro sam uvjeren da \u0107e se takva ili sli\u010dna, zaka\u0161njela ponuda, ubrzo na\u0107i na stolu, da bi se podijelila odgovornost za predstoje\u0107i ekonomski i sveop\u0161ti sunovrat.<\/p>\n","protected":false},"excerpt":{"rendered":"<p>Pi\u0161e: Omer \u0160ARKI\u0106<\/p>\n","protected":false},"author":12,"featured_media":286086,"comment_status":"open","ping_status":"closed","sticky":false,"template":"","format":"standard","meta":{"_seopress_robots_primary_cat":"","_seopress_titles_title":"","_seopress_titles_desc":"","_seopress_robots_index":"","_et_pb_use_builder":"","_et_pb_old_content":"","_et_gb_content_width":"","inline_featured_image":false,"footnotes":""},"categories":[17],"tags":[],"class_list":["post-289136","post","type-post","status-publish","format-standard","has-post-thumbnail","hentry","category-blogovi"],"_links":{"self":[{"href":"https:\/\/www.pcnen.com\/portal\/wp-json\/wp\/v2\/posts\/289136","targetHints":{"allow":["GET"]}}],"collection":[{"href":"https:\/\/www.pcnen.com\/portal\/wp-json\/wp\/v2\/posts"}],"about":[{"href":"https:\/\/www.pcnen.com\/portal\/wp-json\/wp\/v2\/types\/post"}],"author":[{"embeddable":true,"href":"https:\/\/www.pcnen.com\/portal\/wp-json\/wp\/v2\/users\/12"}],"replies":[{"embeddable":true,"href":"https:\/\/www.pcnen.com\/portal\/wp-json\/wp\/v2\/comments?post=289136"}],"version-history":[{"count":4,"href":"https:\/\/www.pcnen.com\/portal\/wp-json\/wp\/v2\/posts\/289136\/revisions"}],"predecessor-version":[{"id":289148,"href":"https:\/\/www.pcnen.com\/portal\/wp-json\/wp\/v2\/posts\/289136\/revisions\/289148"}],"wp:featuredmedia":[{"embeddable":true,"href":"https:\/\/www.pcnen.com\/portal\/wp-json\/wp\/v2\/media\/286086"}],"wp:attachment":[{"href":"https:\/\/www.pcnen.com\/portal\/wp-json\/wp\/v2\/media?parent=289136"}],"wp:term":[{"taxonomy":"category","embeddable":true,"href":"https:\/\/www.pcnen.com\/portal\/wp-json\/wp\/v2\/categories?post=289136"},{"taxonomy":"post_tag","embeddable":true,"href":"https:\/\/www.pcnen.com\/portal\/wp-json\/wp\/v2\/tags?post=289136"}],"curies":[{"name":"wp","href":"https:\/\/api.w.org\/{rel}","templated":true}]}}