{"id":288377,"date":"2020-04-09T11:03:33","date_gmt":"2020-04-09T09:03:33","guid":{"rendered":"https:\/\/www.pcnen.com\/portal\/?p=288377"},"modified":"2020-04-09T11:03:33","modified_gmt":"2020-04-09T09:03:33","slug":"preminula-jelisava-kalezic","status":"publish","type":"post","link":"https:\/\/www.pcnen.com\/portal\/2020\/04\/09\/preminula-jelisava-kalezic\/","title":{"rendered":"Preminula Jelisava Kalezi\u0107"},"content":{"rendered":"<p>Prof. dr Jelisava Kalezi\u0107, biv\u0161a poslanica u Skup\u0161tini Crne Gore i profesorica na Univerzitetu Crne Gore, preminula je u 75. godini.<\/p>\n<p>Kalezi\u0107 je bila jedna od troje inicijatora (Petar Perovi\u0107, prof. Gvozdenija Bogeti\u0107 i prof. Jelisava Kalezi\u0107) i osniva\u010da NVO AFINA &#8211; asocijacije za razvoj kreativnosti, koja je djelovala u Podgorici od decembra 1998. godine do 2006. godine.<\/p>\n<p>Autor je brojnih nau\u010dnih i stru\u010dnih radova, istra\u017eivanja i projekata.<\/p>\n<p>Od 2012 do 2016. godine bila je poslanica u crnogorskom parlamentu.<\/p>\n","protected":false},"excerpt":{"rendered":"<p>Od 2012 do 2016. godine bila je poslanica u crnogorskom parlamentu.<\/p>\n","protected":false},"author":1,"featured_media":288378,"comment_status":"open","ping_status":"closed","sticky":false,"template":"","format":"standard","meta":{"_seopress_robots_primary_cat":"","_seopress_titles_title":"","_seopress_titles_desc":"","_seopress_robots_index":"","_et_pb_use_builder":"","_et_pb_old_content":"","_et_gb_content_width":"","inline_featured_image":false,"footnotes":""},"categories":[14],"tags":[],"class_list":["post-288377","post","type-post","status-publish","format-standard","has-post-thumbnail","hentry","category-vijesti"],"_links":{"self":[{"href":"https:\/\/www.pcnen.com\/portal\/wp-json\/wp\/v2\/posts\/288377","targetHints":{"allow":["GET"]}}],"collection":[{"href":"https:\/\/www.pcnen.com\/portal\/wp-json\/wp\/v2\/posts"}],"about":[{"href":"https:\/\/www.pcnen.com\/portal\/wp-json\/wp\/v2\/types\/post"}],"author":[{"embeddable":true,"href":"https:\/\/www.pcnen.com\/portal\/wp-json\/wp\/v2\/users\/1"}],"replies":[{"embeddable":true,"href":"https:\/\/www.pcnen.com\/portal\/wp-json\/wp\/v2\/comments?post=288377"}],"version-history":[{"count":1,"href":"https:\/\/www.pcnen.com\/portal\/wp-json\/wp\/v2\/posts\/288377\/revisions"}],"predecessor-version":[{"id":288379,"href":"https:\/\/www.pcnen.com\/portal\/wp-json\/wp\/v2\/posts\/288377\/revisions\/288379"}],"wp:featuredmedia":[{"embeddable":true,"href":"https:\/\/www.pcnen.com\/portal\/wp-json\/wp\/v2\/media\/288378"}],"wp:attachment":[{"href":"https:\/\/www.pcnen.com\/portal\/wp-json\/wp\/v2\/media?parent=288377"}],"wp:term":[{"taxonomy":"category","embeddable":true,"href":"https:\/\/www.pcnen.com\/portal\/wp-json\/wp\/v2\/categories?post=288377"},{"taxonomy":"post_tag","embeddable":true,"href":"https:\/\/www.pcnen.com\/portal\/wp-json\/wp\/v2\/tags?post=288377"}],"curies":[{"name":"wp","href":"https:\/\/api.w.org\/{rel}","templated":true}]}}