{"id":287499,"date":"2020-03-29T08:29:05","date_gmt":"2020-03-29T06:29:05","guid":{"rendered":"https:\/\/www.pcnen.com\/portal\/?p=287499"},"modified":"2020-03-29T08:29:05","modified_gmt":"2020-03-29T06:29:05","slug":"europska-solidarnost-u-vrijeme-koronavirusa","status":"publish","type":"post","link":"https:\/\/www.pcnen.com\/portal\/2020\/03\/29\/europska-solidarnost-u-vrijeme-koronavirusa\/","title":{"rendered":"Europska solidarnost u vrijeme koronavirusa"},"content":{"rendered":"<p><strong>Pi\u0161e: Ian Bancroft<\/strong><\/p>\n<p>\u201eDo sada ste shvatili da europska solidarnost ne postoji\u201c, izjavio je srbijanski predsjednik Aleksandar Vu\u010di\u0107 na konferenciji za novinare tijekom progla\u0161enja izvanrednog stanja. Ta solidarnost je \u201ebajka na papiru\u201c, dodao je, a \u201ejedina zemlja koja nam mo\u017ee pomo\u0107i je Kina\u201c. Bio je to trenutak velikog politi\u010dkog teatra, s tipi\u010dnim Vu\u010di\u0107evim stankama, pred televizijskom publikom koja \u017eeli saznati ho\u0107e li njihovi sinovi i k\u0107eri idu\u0107i dan i\u0107i u \u0161kolu ili u vrti\u0107. Me\u0111utim, ovo je bio i trenutak u kojem je iskazan sentiment s koji se \u010dak i najprogresivniji glasovi u Srbiji po\u010dinju slagati, a to je sve ve\u0107e i su\u0161tinsko razo\u010daranje EU-om i europskom perspektivom. Ovo razo\u010daranje tako\u0111er se osje\u0107a na cijelom zapadnom Balkanu.<\/p>\n<p>Proces pregovora o \u010dlanstvu u EU toliko je vremenski rastegnut da je u zemljama takozvane \u0161estorke zapadnog Balkana sve izra\u017eeniji osje\u0107aj razo\u010darenja prema Uniji. Francuska je pro\u0161le jeseni blokirala po\u010detak pregovora o pristupanju sa Sjevernom Makedonijom i Albanijom, bez obzira na to \u0161to je Sjeverna Makedonija promijenila ime nakon povijesnog kompromisa s Gr\u010dkom (pregovori su ovih dana odobreni, op. prev.). Kosovo jo\u0161 uvijek \u010deka liberalizaciju viznog re\u017eima iako je Europska komisija potvrdila da je ta dr\u017eava ispunila sve propisane uvjete (kojih je bilo dosta). U Bosni i Hercegovini unutarnja previranja prijete funkcionalnosti same dr\u017eave, da ne govorimo o izgledima za \u010dlanstvo. Samo su Crna Gora i Srbija postigle neki mali ali opipljiv napredak \u2013 \u010desto na zgra\u017eanje ostalih, posebno u slu\u010daju napretka Srbije.<\/p>\n<p>Bez \u017eelje za \u2018pra\u0161tanjem\u2019 vladama zemalja zapadnog Balkana zbog njihovih neuspjeha u provedbi reformi koje tra\u017ei EU (i njihovih naknadnih poku\u0161aja odvra\u0107anja pozornosti), i bez uljep\u0161avanja njihovih reformskih obe\u0107anja koja vrve od politikanstva, treba re\u0107i da je nedostatak volje odre\u0111enih zemalja EU za prijem novih \u010dlanica omeo napredak na brojnim poljima.<\/p>\n<p>Slabljenje europske perspektive ovih dr\u017eava (premda dobro dokumentirano) nije jedino \u0161to uzrokuje razo\u010daranje. Zdravstveni sustavi u regiji, uklju\u010duju\u0107i one u zemljama \u010dlanicama EU poput Hrvatske i Bugarske, opusto\u0161eni su (posebno izvan glavnih urbanih sredi\u0161ta) odlaskom visoko obu\u010denog medicinskog osoblja (lije\u010dnici, medicinske sestre, kirurzi, anesteziolozi) koji su privu\u010deni boljim prilikama i zaradama u zapadnoj Europi. Iako se tim ljudima ne mo\u017ee zamjeriti profesionalna i \u017eivotna \u0161ansa koju oni zaslu\u017euju, niti se mo\u017ee zanemariti kroni\u010dno lo\u0161e upravljanje i nedovoljno financiranje zdravstvenih sustava u regiji, ipak je to gubitak radne snage koji je te\u0161ko zaustaviti ili nadoknaditi (posebno u nedostatku zna\u010dajnijih imigracija u regiju). Velika je potra\u017enja za ovakvim ljudskim kapitalom u zemljama zapadne Europe sa starijim stanovni\u0161tvom. Mnogi smatraju da bi zemlje koje gube radnike trebale imati pravo na izravnu nadoknadu za svoja ulaganja. Za vrijeme dru\u0161tvenih trauma poput pandemije koronavirusa, takvi nedostaci postaju jo\u0161 izra\u017eeniji. Ve\u0107 je premalo lije\u010dnika i medicinskih sestara, a kamoli kada se oni koji su u kontaktu s pacijentima neizbje\u017eno razbole. Ove dr\u017eave \u0107e se suo\u010diti s nezamislivim problemima i stresom, a posljedica \u0107e biti smrtni slu\u010dajevi koji su se mogli sprije\u010diti.<\/p>\n<p>Nezadovoljstvo se dodatno pogor\u0161alo najavom EU o mjerama kojima se ograni\u010dava izvoz medicinske opreme izvan Unije. Iako vlade dr\u017eava \u010dlanica vjerojatno ne\u0107e odbiti isporuke zemljama zapadnobalkanske \u0161estorke, ova poruka i vrijeme u kojem je donesena doveli su do osje\u0107aja da su zemlje zapadnog Balkana zadnje u redu za \u010dekanje. Aleksandar Vu\u010di\u0107 je kritizirao odluku koju su donijeli \u201cljudi koji su ovdje dr\u017eali predavanja da ne smijemo kupovati kinesku robu\u201c, dok je Kina slala medicinske potrep\u0161tine i osoblje u Beograd, u medijski veoma popra\u0107enoj akciji. Ove mjere ograni\u010denja potisnule su \u010dinjenicu dolaska vitalnih resursa, kao i obe\u0107anja o financijskoj pomo\u0107i, plus \u010dinjenicu da je Unija u svoj paket financijske pomo\u0107i uklju\u010dila i zemlje koje \u201cpregovaraju o pristupanju Uniji\u201d (Srbija i Crna Gora) a koje su pogo\u0111ene velikom krizom u javnome zdravstvu. Me\u0111utim, izgledno je da \u0107e isklju\u010divanje ostale \u010detiri dr\u017eave zapadnog Balkana iz paketa pomo\u0107i vjerojatno izazvati dodatno nezadovoljstvo.<\/p>\n<p>Podr\u0161ka Europske unije regiji zapadnog Balkana bila je i ostaje znatna, posebno u trenucima poput katastrofalnih poplava 2014. i migrantske krize 2015. godine. EU i Europska investicijska banka (EIB) financirale su dvadesetak bolnica u Srbiji. Me\u0111utim, pohvala europskom doprinosu (uglavnom bespovratnih sredstava za razliku od zajmova) rijetko se \u010duje.<\/p>\n<p>Uza sav diskurs o europskim vrijednostima, odnos izme\u0111u EU i zapadno-balkanske \u0161estorke sve vi\u0161e se do\u017eivljava kao \u010disto transakcijski, posebno nakon migrantske krize. U regiju su ulo\u017eeni dodatni resursi upravo zbog zabrinutosti da \u0107e migranti prona\u0107i svoj put do \u2018prave Europe\u2019. Sve dr\u017eave regije su uradile odli\u010dan posao (mnoge to rade i dalje) iako u razli\u010ditim stupnjevima, ali to je stvorilo osje\u0107aj da su europski interesi na prvom mjestu. Ovo nije bilo partnerstvo jednakih koje proizlazi iz zajedni\u010dkih pogleda i problema, ve\u0107 pragmati\u010dni kompromis nastao zbog krize. Zapadni Balkan, nebitan ve\u0107ini europskih prijestolnica, postao je od vitalnog zna\u010daja za za\u0161titu Unije od migranata koji tra\u017ee uto\u010di\u0161te u dr\u017eavama gdje populisti siju mr\u017enju protiv azilanata. Stvorio se narativ da je regija zapadnog Balkana samo tampon zona koja se bavi migrantima u ime zemalja koje odbijaju ispuniti vlastite obveze. Zemalja za koje je pojam podjele tereta neprihvatljiv. EU je zanijekala vlastite vrijednosti, barem \u0161to se ti\u010de izbjeglica i azila, a o\u010dekuje se da \u0107e zapadni Balkan djelovati kao vanjska granica EU i da migrante tretira bolje od zemalja u koje oni \u017eele oti\u0107i.<\/p>\n<p>Mnogi politi\u010dari u regiji po\u010dinju se glasno pitati \u2013 \u010desto oportunisti\u010dki \u2013 koja je zapravo korist od europske budu\u0107nosti. Usred najve\u0107e zdravstvene krize u zadnjih nekoliko desetlje\u0107a politi\u010dari svih boja, kako unutar Unije tako i me\u0111u onima koji se \u017eele pridru\u017eiti, smatraju da ih Europa iznevjeruje. Sada\u0161nje i budu\u0107e generacije prisjetit \u0107e se koronavirusa i tko im je prisko\u010dio u pomo\u0107. Nezadovoljstvo nastalo tijekom ovakvih kriza \u010desto se kristalizira u gorka sje\u0107anja kako vrijeme prolazi. EU stoga mora krenuti odlu\u010dno kako bi osigurala da se konkretni resursi daju za borbu protiv koronavirusa, da bi se pokazalo gra\u0111anima zemalja zapadnog Balkana da postoji iskrena i smislena solidarnost kad im je najpotrebnije. Ako se to ne u\u010dini, samo \u0107e se jo\u0161 vi\u0161e uti\u0161ati glasovi onih koji su uvjereni da regija nema drugu budu\u0107nost osim Europe. To su glasovi koji ve\u0107 imaju pote\u0161ko\u0107a da ih se \u010duje. Trajne veze grade se upravo u povijesnim trenucima poput ovih.<\/p>\n<p><a href=\"https:\/\/digitalnademokracija.com\/2020\/03\/27\/europska-solidarnost-u-vrijeme-koronavirusa\/\">Digitalnademokracija.com<\/a>\/<a href=\"https:\/\/www.opendemocracy.net\/en\/can-europe-make-it\/solidarity-time-coronavirus\/\">Open democracy<\/a><\/p>\n","protected":false},"excerpt":{"rendered":"<p>Mnogi politi\u010dari u regiji po\u010dinju se glasno pitati \u2013 \u010desto oportunisti\u010dki \u2013 koja je zapravo korist od europske budu\u0107nosti.<\/p>\n","protected":false},"author":1,"featured_media":287500,"comment_status":"open","ping_status":"closed","sticky":false,"template":"","format":"standard","meta":{"_seopress_robots_primary_cat":"","_seopress_titles_title":"","_seopress_titles_desc":"","_seopress_robots_index":"","_et_pb_use_builder":"","_et_pb_old_content":"","_et_gb_content_width":"","inline_featured_image":false,"footnotes":""},"categories":[5],"tags":[],"class_list":["post-287499","post","type-post","status-publish","format-standard","has-post-thumbnail","hentry","category-drugi-pisu"],"_links":{"self":[{"href":"https:\/\/www.pcnen.com\/portal\/wp-json\/wp\/v2\/posts\/287499","targetHints":{"allow":["GET"]}}],"collection":[{"href":"https:\/\/www.pcnen.com\/portal\/wp-json\/wp\/v2\/posts"}],"about":[{"href":"https:\/\/www.pcnen.com\/portal\/wp-json\/wp\/v2\/types\/post"}],"author":[{"embeddable":true,"href":"https:\/\/www.pcnen.com\/portal\/wp-json\/wp\/v2\/users\/1"}],"replies":[{"embeddable":true,"href":"https:\/\/www.pcnen.com\/portal\/wp-json\/wp\/v2\/comments?post=287499"}],"version-history":[{"count":1,"href":"https:\/\/www.pcnen.com\/portal\/wp-json\/wp\/v2\/posts\/287499\/revisions"}],"predecessor-version":[{"id":287501,"href":"https:\/\/www.pcnen.com\/portal\/wp-json\/wp\/v2\/posts\/287499\/revisions\/287501"}],"wp:featuredmedia":[{"embeddable":true,"href":"https:\/\/www.pcnen.com\/portal\/wp-json\/wp\/v2\/media\/287500"}],"wp:attachment":[{"href":"https:\/\/www.pcnen.com\/portal\/wp-json\/wp\/v2\/media?parent=287499"}],"wp:term":[{"taxonomy":"category","embeddable":true,"href":"https:\/\/www.pcnen.com\/portal\/wp-json\/wp\/v2\/categories?post=287499"},{"taxonomy":"post_tag","embeddable":true,"href":"https:\/\/www.pcnen.com\/portal\/wp-json\/wp\/v2\/tags?post=287499"}],"curies":[{"name":"wp","href":"https:\/\/api.w.org\/{rel}","templated":true}]}}