{"id":286896,"date":"2020-03-22T07:57:08","date_gmt":"2020-03-22T06:57:08","guid":{"rendered":"https:\/\/www.pcnen.com\/portal\/?p=286896"},"modified":"2020-03-22T07:57:08","modified_gmt":"2020-03-22T06:57:08","slug":"ima-li-znanost-sve-odgovore","status":"publish","type":"post","link":"https:\/\/www.pcnen.com\/portal\/2020\/03\/22\/ima-li-znanost-sve-odgovore\/","title":{"rendered":"Ima li znanost sve odgovore?"},"content":{"rendered":"<p><strong>Autor: Florimond Krins<\/strong><\/p>\n<p>Znanost zauzima sve zna\u010dajnije mjesto u na\u0161oj modernoj civilizaciji. Otkako je Europa izronila iz srednjeg vijeka u XV. stolje\u0107u, znanstvena zajednica ima sve va\u017eniju i sna\u017eniju ulogu u usmjeravanju vo\u0111a zapadnog svijeta. S vremenom je nastao niz razli\u010ditih znanstvenih pokreta, poput empirizma i pozitivizma.<\/p>\n<p>Prvi od njih, empirizam, temelji se na promatranju svijeta prirode i poku\u0161aju da se objasni kako on \u00adfunkcionira, najprije rije\u010dima, a zatim, kako se razvijala matematika, jednad\u017ebama. S razvojem znanosti pojavio se drugi pokret, pozitivizam. Kao \u0161to rije\u010d sugerira, on opisuje pozitivan i entuzijasti\u010dan pristup znanosti (iako se sam pojam odnosi na \u010dinjenicu da treba \u00adprihvatiti samo \u2018pozitivan\u2019 dokaz, stoga metafizika i teizam nisu mjerodavni). Njegova je vode\u0107a ideja da je znanost jedini na\u010din da \u010dovje\u010danstvo razumije prirodu pa stoga i njome upravlja.<\/p>\n<p>Ti su pokreti postali posebno sna\u017eni krajem XVIII. stolje\u0107a, s po\u010detkom industrijske revolucije. S polaganim opadanjem religioznosti na Zapadu i ra\u0111anjem modernih evolucijskih teorija poput darvinizma, znanost se postavila kao odgovor na \u010dovjekova pitanja i probleme. To je ono \u0161to mo\u017eemo nazvati scijentizmom.<\/p>\n<p>No, ima li znanost sve odgovore? \u010cak i ako je neporecivo da je znanost u mnogim svojim oblicima (fizika, biologija, kemija, geologija \u2026) uspjela pru\u017eiti dijelu \u010dovje\u010danstva do sada nevi\u0111enu razinu udobnosti, zdravlja, bogatstva, razumijevanja i kontrole nad okolinom, mo\u017eemo li re\u0107i da smo doista postali bolja ljudska bi\u0107a? Dok ulazimo u ono \u0161to znanstvenici nazivaju antropocen, doba \u010dovjeka, mo\u017eemo se zapitati jesmo li zaista evoluirali u posljednjih petsto godina.<\/p>\n<p>Znanost \u010desto ne uzima u obzir ljudski faktor. Postoje neke znanosti ili, kako bi rekli neki znanstvenici, pseudoznanosti poput psihologije, koje poku\u0161avaju razumjeti slo\u017eenost ljudskog uma i emocija. Ono \u0161to nazivam ljudskim faktorom, \u0161to je u ovom slu\u010daju sklonost ljudskih bi\u0107a da se svijetom oko sebe koristi radi vlastite dobiti, postaje rastu\u0107i problem. U posljednjih sto godina vidjeli smo kako s ve\u0107om tehnolo\u0161kom mo\u0107i dolazi do ve\u0107eg uni\u0161tavanja. S porastom mo\u0107i dolaze i uve\u0107ane posljedice, tako da se od \u010dovje\u010danstva tra\u017ei ve\u0107a odgovornost, da se ne koristi svojom novoste\u010denom mo\u0107i na destruktivan na\u010din.<\/p>\n<p>Zbog toga je za znanstvenu zajednicu va\u017eno da ima odre\u0111eno vodstvo, osje\u0107aj za moralno ili neke eti\u010dke smjernice koje je religija nekada pru\u017eala pomo\u0107u do\u017eivljaja i iskustva svetog.<\/p>\n<p>Tako\u0111er je va\u017eno vidjeti \u0161to znanost jest: alat ili klju\u010d za razumijevanje svijeta oko nas. No va\u017enija od alata je ruka koja se njime slu\u017ei \u2013 ljudsko bi\u0107e. \u010covje\u010danstvo ima mnoge alate da mu pomognu razjasniti i razumjeti svijet prirode i sebe, poput umjetnosti, astronomije\/astrologije, matematike ili religije, da navedemo samo neke. Raspravljati o tome koji je alat najbolji, zna\u010di proma\u0161iti cilj. Ali filozofija, kao tra\u017eenje mudrosti, klju\u010dna je potpora ruci koja dr\u017ei alat kako bismo se spasili od nas samih.<\/p>\n<p>Filozofija nije samo akademska disciplina ve\u0107 bi trebala postati vodi\u010d koji \u010dovje\u010danstvu poma\u017ee da se slu\u017ei svojim alatima na najeti\u010dniji mogu\u0107i na\u010din i nadajmo se, s vremenom i iskustvom, na ujedinjuju\u0107i, konstruktivan, skladan i mudar na\u010din.<\/p>\n<p><a href=\"https:\/\/nova-akropola.com\/covjek-i-svijet\/aktualno\/ima-li-znanost-sve-odgovore\/\">Nova Akropola<\/a><\/p>\n","protected":false},"excerpt":{"rendered":"<p>Za znanstvenu zajednicu je va\u017eno da ima odre\u0111eno vodstvo, osje\u0107aj za moralno ili neke eti\u010dke smjernice koje je religija nekada pru\u017eala pomo\u0107u do\u017eivljaja i iskustva svetog<\/p>\n","protected":false},"author":1,"featured_media":279760,"comment_status":"open","ping_status":"closed","sticky":false,"template":"","format":"standard","meta":{"_seopress_robots_primary_cat":"","_seopress_titles_title":"","_seopress_titles_desc":"","_seopress_robots_index":"","_et_pb_use_builder":"","_et_pb_old_content":"","_et_gb_content_width":"","inline_featured_image":false,"footnotes":""},"categories":[5],"tags":[],"class_list":["post-286896","post","type-post","status-publish","format-standard","has-post-thumbnail","hentry","category-drugi-pisu"],"_links":{"self":[{"href":"https:\/\/www.pcnen.com\/portal\/wp-json\/wp\/v2\/posts\/286896","targetHints":{"allow":["GET"]}}],"collection":[{"href":"https:\/\/www.pcnen.com\/portal\/wp-json\/wp\/v2\/posts"}],"about":[{"href":"https:\/\/www.pcnen.com\/portal\/wp-json\/wp\/v2\/types\/post"}],"author":[{"embeddable":true,"href":"https:\/\/www.pcnen.com\/portal\/wp-json\/wp\/v2\/users\/1"}],"replies":[{"embeddable":true,"href":"https:\/\/www.pcnen.com\/portal\/wp-json\/wp\/v2\/comments?post=286896"}],"version-history":[{"count":1,"href":"https:\/\/www.pcnen.com\/portal\/wp-json\/wp\/v2\/posts\/286896\/revisions"}],"predecessor-version":[{"id":286897,"href":"https:\/\/www.pcnen.com\/portal\/wp-json\/wp\/v2\/posts\/286896\/revisions\/286897"}],"wp:featuredmedia":[{"embeddable":true,"href":"https:\/\/www.pcnen.com\/portal\/wp-json\/wp\/v2\/media\/279760"}],"wp:attachment":[{"href":"https:\/\/www.pcnen.com\/portal\/wp-json\/wp\/v2\/media?parent=286896"}],"wp:term":[{"taxonomy":"category","embeddable":true,"href":"https:\/\/www.pcnen.com\/portal\/wp-json\/wp\/v2\/categories?post=286896"},{"taxonomy":"post_tag","embeddable":true,"href":"https:\/\/www.pcnen.com\/portal\/wp-json\/wp\/v2\/tags?post=286896"}],"curies":[{"name":"wp","href":"https:\/\/api.w.org\/{rel}","templated":true}]}}