{"id":286246,"date":"2020-03-13T14:46:57","date_gmt":"2020-03-13T13:46:57","guid":{"rendered":"https:\/\/www.pcnen.com\/portal\/?p=286246"},"modified":"2020-03-13T14:58:07","modified_gmt":"2020-03-13T13:58:07","slug":"ura-prozvala-dukanovica-za-zloupotrebu-drzavnih-resursa","status":"publish","type":"post","link":"https:\/\/www.pcnen.com\/portal\/2020\/03\/13\/ura-prozvala-dukanovica-za-zloupotrebu-drzavnih-resursa\/","title":{"rendered":"URA prozvala \u0110ukanovi\u0107a za zloupotrebu dr\u017eavnih resursa"},"content":{"rendered":"<p>\u201c\u0160to je stariji, to je \u0110ukanovi\u0107ev egotrip kriti\u010dniji i ve\u0107i, pa je bitnije dokazivati nekakvu umi\u0161ljenu silu, nego polo\u017eiti ra\u010dune gra\u0111anima \u010dije je resurse po ko zna koji put zloupotrijebio\u201d, poru\u010dili su iz URA.<\/p>\n<p>\u0110ukanovi\u0107 je rekao da je u Pariz putovao slu\u017ebeno, a da je onda za Majami produ\u017eio privatno.<\/p>\n<p>\u201cPrvi dio mog putovanja je bio slu\u017ebeni, imao sam u Parizu obavezu, koju sam obavio u interesu dr\u017eave, a nakon toga sam redovnim letom o vlastitom tro\u0161ku, putovao tamo gdje sam ja \u017eelio da putujem jer na to imam pravo kao svaki drugi gra\u0111anin\u201d, kazao je \u0110ukanovi\u0107, odgovaraju\u0107i na pitanja novinara u vezi sa <a href=\"https:\/\/www.pcnen.com\/portal\/2020\/02\/04\/dukanovic-prijavljen-nadleznima-zbog-sumnje-za-zloupotrebu-drzavnog-aviona-2\/\">prijavom Mre\u017ee za afirmaciju nevladinog sektora (MANS)<\/a> i odbacivanjem iste od strane specijalnog dr\u017eavnog tu\u017eioca.<\/p>\n<p>\u0110ukanovi\u0107ev navodni slu\u017ebeni boravak u Parizu je tajna, jer o njemu javnost nije ni ranije ni kasnije obavije\u0161tena, a on je obe\u0107ao da \u0107e to u\u010diniti jednog dana.<\/p>\n<p>\u201cKao \u0161to znate, u obavljanju poslova dr\u017eavnih organa imate poslove o kojima obavje\u0161tavate javnost i one o kojima ne obavje\u0161tavate javnost. O ovome \u0107e javnost biti upoznata onda kada se posao kojim sam se bavio finalizira\u201d, rekao je \u0110ukanovi\u0107.<\/p>\n<p>Mre\u017ea za afirmaciju nevladinog sektora (MANS) je prijavila predsjednika Crne Gore Mila \u0110ukanovi\u0107a Agenciji za sprje\u010davanje korupcije (ASK) i Specijalnom dr\u017eavnom tu\u017eila\u0161tvu (SDT) zbog sumnje da je za privatne potrebe koristio slu\u017ebeni avion Vlade Crne Gore.<\/p>\n","protected":false},"excerpt":{"rendered":"<p>Opoziciona partija URA (Ujedinjena reformska akcija) je reagovala danas na ju\u010dera\u0161nje priznanje Mila \u0110ukanovi\u0107a, formalnog predsjednika Crne Gore i lidera vladaju\u0107e Demokratske partije socijalista, da jeste koristio krajem lanjske godfine vladin avion do Pariza i iz francuske prestonice do Podgorice, ali nije otkrio \u0161ta je u Parizu, na proputovanju za Majami, uradio za dr\u017eavu na \u010dijem je \u010delu.<\/p>\n","protected":false},"author":1,"featured_media":283425,"comment_status":"open","ping_status":"closed","sticky":false,"template":"","format":"standard","meta":{"_seopress_robots_primary_cat":"","_seopress_titles_title":"","_seopress_titles_desc":"","_seopress_robots_index":"","_et_pb_use_builder":"","_et_pb_old_content":"","_et_gb_content_width":"","inline_featured_image":false,"footnotes":""},"categories":[14],"tags":[],"class_list":["post-286246","post","type-post","status-publish","format-standard","has-post-thumbnail","hentry","category-vijesti"],"_links":{"self":[{"href":"https:\/\/www.pcnen.com\/portal\/wp-json\/wp\/v2\/posts\/286246","targetHints":{"allow":["GET"]}}],"collection":[{"href":"https:\/\/www.pcnen.com\/portal\/wp-json\/wp\/v2\/posts"}],"about":[{"href":"https:\/\/www.pcnen.com\/portal\/wp-json\/wp\/v2\/types\/post"}],"author":[{"embeddable":true,"href":"https:\/\/www.pcnen.com\/portal\/wp-json\/wp\/v2\/users\/1"}],"replies":[{"embeddable":true,"href":"https:\/\/www.pcnen.com\/portal\/wp-json\/wp\/v2\/comments?post=286246"}],"version-history":[{"count":3,"href":"https:\/\/www.pcnen.com\/portal\/wp-json\/wp\/v2\/posts\/286246\/revisions"}],"predecessor-version":[{"id":286249,"href":"https:\/\/www.pcnen.com\/portal\/wp-json\/wp\/v2\/posts\/286246\/revisions\/286249"}],"wp:featuredmedia":[{"embeddable":true,"href":"https:\/\/www.pcnen.com\/portal\/wp-json\/wp\/v2\/media\/283425"}],"wp:attachment":[{"href":"https:\/\/www.pcnen.com\/portal\/wp-json\/wp\/v2\/media?parent=286246"}],"wp:term":[{"taxonomy":"category","embeddable":true,"href":"https:\/\/www.pcnen.com\/portal\/wp-json\/wp\/v2\/categories?post=286246"},{"taxonomy":"post_tag","embeddable":true,"href":"https:\/\/www.pcnen.com\/portal\/wp-json\/wp\/v2\/tags?post=286246"}],"curies":[{"name":"wp","href":"https:\/\/api.w.org\/{rel}","templated":true}]}}