{"id":286192,"date":"2020-03-12T20:03:12","date_gmt":"2020-03-12T19:03:12","guid":{"rendered":"https:\/\/www.pcnen.com\/portal\/?p=286192"},"modified":"2020-03-12T20:03:12","modified_gmt":"2020-03-12T19:03:12","slug":"molebani-i-litije-sirom-crne-gore","status":"publish","type":"post","link":"https:\/\/www.pcnen.com\/portal\/2020\/03\/12\/molebani-i-litije-sirom-crne-gore\/","title":{"rendered":"Molebani i litije \u0161irom Crne Gore"},"content":{"rendered":"<p>Nakon molebana u sabornom hramu Hristovog Vaskrsenja , u 19 \u010dasova krenula je litija ulicama Podgorice. Liriju predvodi episkop dioklijski Metodije. Po povratku litije ispred Hrama je besjedio sve\u0161tenik Nenad Ili\u0107.<\/p>\n<p>U Pljevljima je u crkvi Svete Petke slu\u017een molebni kanon Presvetoj Bogorodici, a potom su Pljevaljaci 28. krsnim hodom pokazati jo\u0161 jednom svoje neslaganje sa Zakonom o slobodi vjeroispovjesti.<\/p>\n<p>Na pljevaljskoj litiji besjedio je protojerej\u2013stavrofor Gojko Perovi\u0107, rektor Cetinjske bogoslovije.<\/p>\n<p>Nik\u0161i\u0107ani su, predvo\u0111eni sve\u0161tenikom Radmilo \u010cizmovi\u0107, krsnim hodom \u00a0pro\u0161li ulicama grada.<\/p>\n<p>I u Tivatu je slu\u017een moleban u crkvi Svetog Save, a potom su vjernici bili u krsnom hodu gradskim ulicama.<\/p>\n<p>U Baru je litiju predvodio paroh podgori\u010dki protojerej Branko Vuja\u010di\u0107.<\/p>\n<p>U Beranama je litija krenula u 17 \u010dasova ispred hrama Svetog Simeona Miroto\u010divog (ispred Op\u0161tine) prema manastiru \u0110ur\u0111evi stupovi, gdje je slu\u017een moleban.<\/p>\n<p>Moleban za o\u010duvanje svetinja u crkvi Svetog Vaznesenja Gospodnjeg na Toploj su slu\u017eili sve\u0161tenici Mirko Vukoti\u0107 iz Nik\u0161i\u0107a i \u0110or\u0111e Stefanovi\u0107, starje\u0161ina hrama Bogorodice Ljevi\u0161ke u Prizrenu, nakon \u010dega su predvo\u0111eni sve\u0161tenstvobili u litiji do crkve Svetog arhangela Mihaila na Belavisti.<\/p>\n<p>Litije su odr\u017eane i u ostalim crnogorskim gradovima.<\/p>\n<p>Odlukom Eparhijskog savjeta litije se od Bo\u017ei\u0107a organizuju \u010detvrtkom i nedjeljom.<\/p>\n","protected":false},"excerpt":{"rendered":"<p>Odlukom Eparhijskog savjeta litije se od Bo\u017ei\u0107a organizuju \u010detvrtkom i nedjeljom.<\/p>\n","protected":false},"author":1,"featured_media":281250,"comment_status":"open","ping_status":"closed","sticky":false,"template":"","format":"standard","meta":{"_seopress_robots_primary_cat":"","_seopress_titles_title":"","_seopress_titles_desc":"","_seopress_robots_index":"","_et_pb_use_builder":"","_et_pb_old_content":"","_et_gb_content_width":"","inline_featured_image":false,"footnotes":""},"categories":[14],"tags":[],"class_list":["post-286192","post","type-post","status-publish","format-standard","has-post-thumbnail","hentry","category-vijesti"],"_links":{"self":[{"href":"https:\/\/www.pcnen.com\/portal\/wp-json\/wp\/v2\/posts\/286192","targetHints":{"allow":["GET"]}}],"collection":[{"href":"https:\/\/www.pcnen.com\/portal\/wp-json\/wp\/v2\/posts"}],"about":[{"href":"https:\/\/www.pcnen.com\/portal\/wp-json\/wp\/v2\/types\/post"}],"author":[{"embeddable":true,"href":"https:\/\/www.pcnen.com\/portal\/wp-json\/wp\/v2\/users\/1"}],"replies":[{"embeddable":true,"href":"https:\/\/www.pcnen.com\/portal\/wp-json\/wp\/v2\/comments?post=286192"}],"version-history":[{"count":1,"href":"https:\/\/www.pcnen.com\/portal\/wp-json\/wp\/v2\/posts\/286192\/revisions"}],"predecessor-version":[{"id":286193,"href":"https:\/\/www.pcnen.com\/portal\/wp-json\/wp\/v2\/posts\/286192\/revisions\/286193"}],"wp:featuredmedia":[{"embeddable":true,"href":"https:\/\/www.pcnen.com\/portal\/wp-json\/wp\/v2\/media\/281250"}],"wp:attachment":[{"href":"https:\/\/www.pcnen.com\/portal\/wp-json\/wp\/v2\/media?parent=286192"}],"wp:term":[{"taxonomy":"category","embeddable":true,"href":"https:\/\/www.pcnen.com\/portal\/wp-json\/wp\/v2\/categories?post=286192"},{"taxonomy":"post_tag","embeddable":true,"href":"https:\/\/www.pcnen.com\/portal\/wp-json\/wp\/v2\/tags?post=286192"}],"curies":[{"name":"wp","href":"https:\/\/api.w.org\/{rel}","templated":true}]}}