{"id":286186,"date":"2020-03-12T18:07:37","date_gmt":"2020-03-12T17:07:37","guid":{"rendered":"https:\/\/www.pcnen.com\/portal\/?p=286186"},"modified":"2020-03-12T18:09:26","modified_gmt":"2020-03-12T17:09:26","slug":"domacin","status":"publish","type":"post","link":"https:\/\/www.pcnen.com\/portal\/2020\/03\/12\/domacin\/","title":{"rendered":"Doma\u0107in"},"content":{"rendered":"<p>Predsjednik dr\u017eave je priznao da je 29.12.2019. godine koristio Vladin avion, ali u slu\u017ebene svrhe &#8211; imao je slu\u017ebeni sastanak o kome sad ne mo\u017ee da pri\u010da, te ostaje tajna.<\/p>\n<p>Zatim je po\u0161ao u Majami, privatno.<\/p>\n<p>Po\u0161tujem, i predsjednik ima pravo da odmori.<\/p>\n<p>Onda je Vladin avion 09.01.2020. kada se vra\u0107ao iz Majamija opet po\u0161ao po njega u Pariz.<\/p>\n<p>E, sad mi, ovako neznavenom, nije jasno da li je opet imao slu\u017ebenu posjetu Parizu, tajnu, na koju je do\u0161ao iz Majamija? Ako jeste, a platio je iz svoga d\u017eepa put od Majamija do Pariza, sve zbog nas i dr\u017eave, da mu se ti tro\u0161kovi refundiraju, obavezno!<\/p>\n<p>Ako je ne\u0161to nelogi\u010dno u ovom predsjednikovom obja\u0161njenju, nas mo\u017ee zajebat, ali Katni\u0107a ne, Boga mi. Kao p\u010delica je. Katni\u0107, mislim.<\/p>\n<p>No, da ne \u0161irim paniku i nered. Ali jesmo stoka kad se ovako, ono ba\u0161 sprdaju sa nama.<\/p>\n<p>P.S. Dobri i po\u0161teni premijer Markovi\u0107 &#8211; kako ga okarektarisa mitropolit Amfilohije, ju\u010de na pitanje novinara na ovu temu re\u010de da je prezauzet i da ima va\u017enija posla od toga da se interesuje ko, kad i gdje je koristio Vladin avion.<\/p>\n<p>Bogata zemlja, pebogata. Sad \u0107emo gledat da li neko tamo koristio avion u privatne svrhe, da li je time o\u0161tetio bud\u017eet za tri\u010davih 20 do 30 000 eura &#8211; \u0161to je to za nas?<\/p>\n<p>A to je nekoliko ovih aspiratora za plu\u0107a bez kojih \u0107e pacijenti od virusa umirati &#8211; \u010disto da znate.<\/p>\n","protected":false},"excerpt":{"rendered":"<p>Pi\u0161e: Omer \u0160ARKI\u0106<\/p>\n","protected":false},"author":12,"featured_media":286086,"comment_status":"open","ping_status":"closed","sticky":false,"template":"","format":"standard","meta":{"_seopress_robots_primary_cat":"","_seopress_titles_title":"","_seopress_titles_desc":"","_seopress_robots_index":"","_et_pb_use_builder":"","_et_pb_old_content":"","_et_gb_content_width":"","inline_featured_image":false,"footnotes":""},"categories":[17],"tags":[],"class_list":["post-286186","post","type-post","status-publish","format-standard","has-post-thumbnail","hentry","category-blogovi"],"_links":{"self":[{"href":"https:\/\/www.pcnen.com\/portal\/wp-json\/wp\/v2\/posts\/286186","targetHints":{"allow":["GET"]}}],"collection":[{"href":"https:\/\/www.pcnen.com\/portal\/wp-json\/wp\/v2\/posts"}],"about":[{"href":"https:\/\/www.pcnen.com\/portal\/wp-json\/wp\/v2\/types\/post"}],"author":[{"embeddable":true,"href":"https:\/\/www.pcnen.com\/portal\/wp-json\/wp\/v2\/users\/12"}],"replies":[{"embeddable":true,"href":"https:\/\/www.pcnen.com\/portal\/wp-json\/wp\/v2\/comments?post=286186"}],"version-history":[{"count":3,"href":"https:\/\/www.pcnen.com\/portal\/wp-json\/wp\/v2\/posts\/286186\/revisions"}],"predecessor-version":[{"id":286189,"href":"https:\/\/www.pcnen.com\/portal\/wp-json\/wp\/v2\/posts\/286186\/revisions\/286189"}],"wp:featuredmedia":[{"embeddable":true,"href":"https:\/\/www.pcnen.com\/portal\/wp-json\/wp\/v2\/media\/286086"}],"wp:attachment":[{"href":"https:\/\/www.pcnen.com\/portal\/wp-json\/wp\/v2\/media?parent=286186"}],"wp:term":[{"taxonomy":"category","embeddable":true,"href":"https:\/\/www.pcnen.com\/portal\/wp-json\/wp\/v2\/categories?post=286186"},{"taxonomy":"post_tag","embeddable":true,"href":"https:\/\/www.pcnen.com\/portal\/wp-json\/wp\/v2\/tags?post=286186"}],"curies":[{"name":"wp","href":"https:\/\/api.w.org\/{rel}","templated":true}]}}