{"id":286083,"date":"2020-03-11T17:29:14","date_gmt":"2020-03-11T16:29:14","guid":{"rendered":"https:\/\/www.pcnen.com\/portal\/?p=286083"},"modified":"2020-03-11T17:29:14","modified_gmt":"2020-03-11T16:29:14","slug":"bez-panike-i-nereda","status":"publish","type":"post","link":"https:\/\/www.pcnen.com\/portal\/2020\/03\/11\/bez-panike-i-nereda\/","title":{"rendered":"Bez panike i nereda"},"content":{"rendered":"<p>Ministar zdravlja Kenan Hrapovi\u0107 prosto uliva povjerenje gra\u0111anima kao stru\u010dan, odgovoran \u010dovjek, i pravi profesionalac. Zato, bez panike i nereda.<\/p>\n<p>Generalni direktor Direktorata za vanredne situacije MUP-a, Mirsad Muli\u0107, je kao profesor srpskohrvatskog jezika izvanredan stru\u010dnjak za vanredne situacije. U njega javnost ima jo\u0161 ve\u0107e povjerenje nego u Hrapovi\u0107a, zato ne znam \u010demu eventaulana panika i nered. Bitno je i to \u0161to su Hrapovi\u0107 i Muli\u0107 pravi profesionalci, a ne nekakvi partijski poslu\u0161nici.<\/p>\n<p>Ne nasijedajte na la\u017ene informacije tipa: da imamo ve\u0107 \u010detiri registrovana slu\u010daja, da nemamo opreme u bolnicama, pravog karantina, da \u0107e Vlada na sjutra\u0161njoj sjednici zabraniti sve javne skupove i nalo\u017eiti prekid rada \u0161kola i vrti\u0107a&#8230; To su dezinformacije u cilju \u0161irenja panike i nereda.<\/p>\n<p>Imamo profesionalni Javni servis u slu\u017ebi gra\u0111ana kojem svi vjerujumo, za koga znamo da uvijek istinito i blagovremeno obavje\u0161tava javnost, stoga ne nasjedajte na svakojake dezinformacije.<\/p>\n<p>Vlada je, Bogu hvala stabilna, i u\u017eiva ogromnu podr\u0161ku gra\u0111ana, kao i sve na\u0161e institucije &#8211; koje su nezavisne i profesionalne, kao \u0161to svi znamo. Tako, mjesta za paniku i nered stvarno nema.<\/p>\n<p>Nije mi jasno za\u0161to je ve\u0107, kako \u010dujem, nastao op\u0161ti mete\u017e u Bokanovim prodavnicama i da se ne mo\u017ee na\u0107i slobodna korpa. Bokan je narodni \u010dovjek, uvijek i sve je radio za narod i KK Budu\u0107nost. Zaliha kod njega ima dovoljno, zato bez panike i nereda, molim.<\/p>\n<p>Na kraju, Milo mi je \u0161to su se oni profesori univerziteta povezali i podr\u017eali litije. Vrijeme je bilo da se najzad udru\u017ee i glasnu, ali isto mislim da su to trebali mnogo, mnogo prije. I povodom drugih stvari kojima se decenijama upropa\u0161\u0107avalo ovo dru\u0161tvo. Nemojte me strijeljat zbog ovog mi\u0161ljenja!<\/p>\n<p>Posebno mi je Milo, \u0161to im je na\u0161 najbolji, najpametniji i najnezavisniji novinar o\u010ditao bukvicu, u tekstu &#8220;Akademik i profesori sa Gandijem na usnama i Amfilohijem na \u010delu&#8221;.<\/p>\n<p>\u0160to? I on je profesor &#8211; novinarstva.<\/p>\n<p>Jeste, jeste. Predavao je na UDG ili tako nekom, Atlas fakultetu.<\/p>\n","protected":false},"excerpt":{"rendered":"<p>Pi\u0161e: Omer \u0160ARKI\u0106<\/p>\n","protected":false},"author":12,"featured_media":286086,"comment_status":"open","ping_status":"closed","sticky":false,"template":"","format":"standard","meta":{"_seopress_robots_primary_cat":"","_seopress_titles_title":"","_seopress_titles_desc":"","_seopress_robots_index":"","_et_pb_use_builder":"","_et_pb_old_content":"","_et_gb_content_width":"","inline_featured_image":false,"footnotes":""},"categories":[17],"tags":[],"class_list":["post-286083","post","type-post","status-publish","format-standard","has-post-thumbnail","hentry","category-blogovi"],"_links":{"self":[{"href":"https:\/\/www.pcnen.com\/portal\/wp-json\/wp\/v2\/posts\/286083","targetHints":{"allow":["GET"]}}],"collection":[{"href":"https:\/\/www.pcnen.com\/portal\/wp-json\/wp\/v2\/posts"}],"about":[{"href":"https:\/\/www.pcnen.com\/portal\/wp-json\/wp\/v2\/types\/post"}],"author":[{"embeddable":true,"href":"https:\/\/www.pcnen.com\/portal\/wp-json\/wp\/v2\/users\/12"}],"replies":[{"embeddable":true,"href":"https:\/\/www.pcnen.com\/portal\/wp-json\/wp\/v2\/comments?post=286083"}],"version-history":[{"count":3,"href":"https:\/\/www.pcnen.com\/portal\/wp-json\/wp\/v2\/posts\/286083\/revisions"}],"predecessor-version":[{"id":286087,"href":"https:\/\/www.pcnen.com\/portal\/wp-json\/wp\/v2\/posts\/286083\/revisions\/286087"}],"wp:featuredmedia":[{"embeddable":true,"href":"https:\/\/www.pcnen.com\/portal\/wp-json\/wp\/v2\/media\/286086"}],"wp:attachment":[{"href":"https:\/\/www.pcnen.com\/portal\/wp-json\/wp\/v2\/media?parent=286083"}],"wp:term":[{"taxonomy":"category","embeddable":true,"href":"https:\/\/www.pcnen.com\/portal\/wp-json\/wp\/v2\/categories?post=286083"},{"taxonomy":"post_tag","embeddable":true,"href":"https:\/\/www.pcnen.com\/portal\/wp-json\/wp\/v2\/tags?post=286083"}],"curies":[{"name":"wp","href":"https:\/\/api.w.org\/{rel}","templated":true}]}}