{"id":286026,"date":"2020-03-11T08:49:23","date_gmt":"2020-03-11T07:49:23","guid":{"rendered":"https:\/\/www.pcnen.com\/portal\/?p=286026"},"modified":"2020-03-11T08:57:57","modified_gmt":"2020-03-11T07:57:57","slug":"danas-prvi-sastanak-ekspertskih-timova-vlade-i-mcp","status":"publish","type":"post","link":"https:\/\/www.pcnen.com\/portal\/2020\/03\/11\/danas-prvi-sastanak-ekspertskih-timova-vlade-i-mcp\/","title":{"rendered":"Danas prvi sastanak ekspertskih timova Vlade i MCP"},"content":{"rendered":"<p>Potpredsjednik Vlade Zoran Pa\u017ein je kazao da \u0107e dijalog biti usredsre\u0111en na \u010dlanove Zakona o slobodi vjeroispovjesti koji se odnose na imovinsko-pravna pitanja.<\/p>\n<p>&#8220;Vjerujem da se uva\u017eavanjem argumenata protivne strane, spremno\u0161\u0107u da se tolerancijom i stpljenjem mo\u017ee do\u0107i do rje\u0161enja koje \u0107e relaksirati postoje\u0107u situaciju\u201c, ocijenio je Pa\u017ein i naglasio da politiku treba ostaviti po strain, prenosi Mina.<\/p>\n<p>On je rekao d<a href=\"https:\/\/www.pcnen.com\/portal\/2020\/03\/07\/pazin-o-dijalogu-sa-pazin-o-dijalogu-sa-mitropolijom-crnogorsko-primorskom\/\">a je \u201ecrvena linija\u201c Ustav Crne Gore i potreba<\/a> da svi gra\u0111ani bez obzira na nacionalnost ili vjeru budu na jednako pravan na\u010din tretirani.<\/p>\n<p>&#8220;Da ne bude niti privilegovanih niti diskriminisanih u \u010ditavom tom odnosu izme\u0111u dr\u017eave i vjerskih zajednica i to je ono na \u010demu \u0107emo mi insistirati, ali vrlo otvoreni da \u010dujemo argumente druge strane i da imamo stav uva\u017eavanja prema argumentima druge strane&#8221;, kazao je Pa\u017ein.<\/p>\n<p>Iz MCP su saop\u0161tili da Zakon radikalno derogira i suspenduje osnovne i minimalne standarde u pogledu kolektivnog aspekta ostvarivanja prava na slobodu vjeroispovijesti<\/p>\n<p>Oni su upozorili na, kako navode, \u010deste i radikalno anticrkvene javne nastupe najvi\u0161ih dr\u017eavnih zvani\u010dnika, \u201ekoji nepravedno optu\u017euju Crkvu za navodnu antidr\u017eavnu djelatnost i podlo\u017enost uticajima izvan Crne Gore, \u0161to su notorne neistine\u201c.<\/p>\n<p>\u201eTo nije dobra atmosfera za razgovor. Nadamo se da \u0107ete sa svoje strane u\u010diniti sve \u0161to je potrebno da se sprije\u010di nastavak takvog zao\u0161travanja sa strane dr\u017eave\u201c, poru\u010dio je <a href=\"https:\/\/www.pcnen.com\/portal\/2020\/03\/05\/amfilohije-pisao-markovicu\/\">mitropolit Amfilohije u pismu premijeru<\/a> Du\u0161ku Markovi\u0107u.<\/p>\n<p><a href=\"https:\/\/www.pcnen.com\/portal\/2020\/03\/05\/prvi-sastanak-ekspertskih-timova-vlade-i-mcp-11-marta\/\">Vladu \u0107e u razgovoru predstavljati<\/a> potpredsjednik Vlade Zoran Pa\u017ein, profesor Pravnog fakulteta Neboj\u0161a Vu\u010dini\u0107, dekanica Pravnog fakulteta Aneta Spai\u0107, \u0161ef Kabineta premijera Dragoljub Bulatovi\u0107, advokat Nikola Martinovi\u0107 i diplomirani pravnik Sr\u0111an Spai\u0107.<\/p>\n<p>U ekspertskom timu za pregovore u ime Crkve su koordinator Pravnog savjeta MCP Velibor D\u017eomi\u0107 i \u010dlanovi Savjeta Mitropolije i Eparhije budimljansko-nik\u0161i\u0107ke &#8211; advokati Dragan \u0160o\u0107, Zoran Lazarevi\u0107 i Damjan \u0106ulafi\u0107, kao i doktor Vladimir Leposavi\u0107.<\/p>\n","protected":false},"excerpt":{"rendered":"<p>Ekspertski timovi Vlade i Mitropolije crnogorsko primorske (MCP) u vezi sa Zakonom o slobodi vjeroispovijesti danas \u0107e odr\u017eati prvi sastanak u vili Gorica.<\/p>\n","protected":false},"author":1,"featured_media":274291,"comment_status":"open","ping_status":"closed","sticky":false,"template":"","format":"standard","meta":{"_seopress_robots_primary_cat":"","_seopress_titles_title":"","_seopress_titles_desc":"","_seopress_robots_index":"","_et_pb_use_builder":"","_et_pb_old_content":"","_et_gb_content_width":"","inline_featured_image":false,"footnotes":""},"categories":[14],"tags":[],"class_list":["post-286026","post","type-post","status-publish","format-standard","has-post-thumbnail","hentry","category-vijesti"],"_links":{"self":[{"href":"https:\/\/www.pcnen.com\/portal\/wp-json\/wp\/v2\/posts\/286026","targetHints":{"allow":["GET"]}}],"collection":[{"href":"https:\/\/www.pcnen.com\/portal\/wp-json\/wp\/v2\/posts"}],"about":[{"href":"https:\/\/www.pcnen.com\/portal\/wp-json\/wp\/v2\/types\/post"}],"author":[{"embeddable":true,"href":"https:\/\/www.pcnen.com\/portal\/wp-json\/wp\/v2\/users\/1"}],"replies":[{"embeddable":true,"href":"https:\/\/www.pcnen.com\/portal\/wp-json\/wp\/v2\/comments?post=286026"}],"version-history":[{"count":2,"href":"https:\/\/www.pcnen.com\/portal\/wp-json\/wp\/v2\/posts\/286026\/revisions"}],"predecessor-version":[{"id":286038,"href":"https:\/\/www.pcnen.com\/portal\/wp-json\/wp\/v2\/posts\/286026\/revisions\/286038"}],"wp:featuredmedia":[{"embeddable":true,"href":"https:\/\/www.pcnen.com\/portal\/wp-json\/wp\/v2\/media\/274291"}],"wp:attachment":[{"href":"https:\/\/www.pcnen.com\/portal\/wp-json\/wp\/v2\/media?parent=286026"}],"wp:term":[{"taxonomy":"category","embeddable":true,"href":"https:\/\/www.pcnen.com\/portal\/wp-json\/wp\/v2\/categories?post=286026"},{"taxonomy":"post_tag","embeddable":true,"href":"https:\/\/www.pcnen.com\/portal\/wp-json\/wp\/v2\/tags?post=286026"}],"curies":[{"name":"wp","href":"https:\/\/api.w.org\/{rel}","templated":true}]}}