{"id":285990,"date":"2020-03-10T09:23:31","date_gmt":"2020-03-10T08:23:31","guid":{"rendered":"https:\/\/www.pcnen.com\/portal\/?p=285990"},"modified":"2020-03-10T09:25:57","modified_gmt":"2020-03-10T08:25:57","slug":"podoficir-udaljen-iz-sluzbe-zbog-ucestvovanja-u-litijama","status":"publish","type":"post","link":"https:\/\/www.pcnen.com\/portal\/2020\/03\/10\/podoficir-udaljen-iz-sluzbe-zbog-ucestvovanja-u-litijama\/","title":{"rendered":"Podoficir udaljen iz slu\u017ebe zbog u\u010destvovanja u litijama"},"content":{"rendered":"<p>Ona je precizirala da je njen mu\u017e Darko \u201cdr\u017eao ki\u0161obran iznad glave Oca Gojka Perovi\u0107a na litiji u Nik\u0161i\u0107u\u201d<\/p>\n<p>\u201cTo je sva krivica mog mu\u017ea nakon 27 godina slu\u017ebe u vojsci!\u201d, navedeno je u poruci koja je objavljena na FB stranici \u2018Branimo Svetinje\u2019.<\/p>\n<p>Zakon o Vojsci i Zakon o unutra\u0161njim poslovima Crne Gore dozvoljavaju vojnicima i policajcima da prisustvuju protestnim, strana\u010dkim i drugim politi\u010dkim skupovima bez uniforme, istakli su nedavno iz NVO Akcija za ljudska prava (HRA) i Instituta alternativa (IA) <a href=\"https:\/\/institut-alternativa.org\/imaju-li-sluzbenici-vojske-i-uprave-policije-pravo-da-prisustvuju-litijama\/\">u pismu na\u010delniku<\/a> General\u0161taba Vojske Crne Gore Dragutinu Dakic\u0301u.<\/p>\n","protected":false},"excerpt":{"rendered":"<p>Supruga podoficira Vojske Crne Gore je obnarodovala da je Darko Mrvaljevi\u0107 \u201cudaljen sa du\u017enosti zbog u\u010destvovanja u litijama\u201d.<\/p>\n","protected":false},"author":1,"featured_media":281300,"comment_status":"open","ping_status":"closed","sticky":false,"template":"","format":"standard","meta":{"_seopress_robots_primary_cat":"","_seopress_titles_title":"","_seopress_titles_desc":"","_seopress_robots_index":"","_et_pb_use_builder":"","_et_pb_old_content":"","_et_gb_content_width":"","inline_featured_image":false,"footnotes":""},"categories":[14],"tags":[],"class_list":["post-285990","post","type-post","status-publish","format-standard","has-post-thumbnail","hentry","category-vijesti"],"_links":{"self":[{"href":"https:\/\/www.pcnen.com\/portal\/wp-json\/wp\/v2\/posts\/285990","targetHints":{"allow":["GET"]}}],"collection":[{"href":"https:\/\/www.pcnen.com\/portal\/wp-json\/wp\/v2\/posts"}],"about":[{"href":"https:\/\/www.pcnen.com\/portal\/wp-json\/wp\/v2\/types\/post"}],"author":[{"embeddable":true,"href":"https:\/\/www.pcnen.com\/portal\/wp-json\/wp\/v2\/users\/1"}],"replies":[{"embeddable":true,"href":"https:\/\/www.pcnen.com\/portal\/wp-json\/wp\/v2\/comments?post=285990"}],"version-history":[{"count":3,"href":"https:\/\/www.pcnen.com\/portal\/wp-json\/wp\/v2\/posts\/285990\/revisions"}],"predecessor-version":[{"id":285993,"href":"https:\/\/www.pcnen.com\/portal\/wp-json\/wp\/v2\/posts\/285990\/revisions\/285993"}],"wp:featuredmedia":[{"embeddable":true,"href":"https:\/\/www.pcnen.com\/portal\/wp-json\/wp\/v2\/media\/281300"}],"wp:attachment":[{"href":"https:\/\/www.pcnen.com\/portal\/wp-json\/wp\/v2\/media?parent=285990"}],"wp:term":[{"taxonomy":"category","embeddable":true,"href":"https:\/\/www.pcnen.com\/portal\/wp-json\/wp\/v2\/categories?post=285990"},{"taxonomy":"post_tag","embeddable":true,"href":"https:\/\/www.pcnen.com\/portal\/wp-json\/wp\/v2\/tags?post=285990"}],"curies":[{"name":"wp","href":"https:\/\/api.w.org\/{rel}","templated":true}]}}