{"id":285969,"date":"2020-03-10T07:00:36","date_gmt":"2020-03-10T06:00:36","guid":{"rendered":"https:\/\/www.pcnen.com\/portal\/?p=285969"},"modified":"2020-03-10T07:00:36","modified_gmt":"2020-03-10T06:00:36","slug":"anti-greta","status":"publish","type":"post","link":"https:\/\/www.pcnen.com\/portal\/2020\/03\/10\/anti-greta\/","title":{"rendered":"Anti-Greta"},"content":{"rendered":"<p><strong>Pi\u0161e: Gojko Vlaovi\u0107<\/strong><\/p>\n<p>Nema\u010dka tinejd\u017eerka Naomi Seibt nedavno je sa svog jutjub kanala poru\u010dila javnosti da klimatski aktivisti \u201csamo doprinose op\u0161toj histeriji\u201d i da \u201calarmiranje \u010dove\u010danstva pri\u010dom o klimatskim promenama predstavlja antiljudsku ideologiju\u201d.<\/p>\n<p>Poznata jutjuberka je svoje stavove imala priliku da iznese i na \u201cKonzervativnoj konferenciji za politi\u010dku akciju\u201d (CPAC) odr\u017eanoj u okolini Va\u0161ingtona krajem februara.<\/p>\n<p><a href=\"https:\/\/www.pcnen.com\/portal\/2020\/03\/07\/poricatelji-klimatskih-promjena-imaju-svoju-zvijezdu\/\">Naomi Seibt<\/a> je ina\u010de \u010dlanica Instituta \u201cHartlend\u201d, blisko povezanog sa Belom ku\u0107om. Potpuno je jasno da je njena uloga da kontrira stavovima najpoznatije klimatske aktivistkinje dana\u0161njice Grete Tunberg zbog \u010dega je i dobila nadimak \u201canti-Greta\u201d.<\/p>\n<p>Sama je izjavila da od \u201cHartlenda\u201d za svoj anga\u017eman dobija \u201cprose\u010dnu mese\u010dnu platu u Nema\u010dkoj\u201d, \u0161to iznosi oko 1.900 evra. Potpuno je jasno da Naomi Seibt kritikuje aktivizam Grete Tunberg sa pozicije odbrane interesa krupnog kapitala.<\/p>\n<p>Jednostavno, poziv za ve\u0107i stepen za\u0161tite \u017eivotne sredine automatski zna\u010di vi\u0161e ulaganja u tehnologije koje spre\u010davaju zaga\u0111enje vazduha i tla \u0161to naravno smanjuje profitne stope biznis sektora. A poznato je da su profitne stope jedino \u0161to interesuje multinacionalne kompanije, odnosno da predstavljaju su\u0161tinu njihovog postojanja.<\/p>\n<p>U poku\u0161aju da se suprotstave sve uspe\u0161nijem protestnom pokretu predvo\u0111enim Gretom Tunberg zastupnici \u201ctr\u017ei\u0161nih i individualnih sloboda\u201d iz \u201cHartlenda\u201d kome mlada nema\u010dka influenserka Naomi Seibt pripada se ne uste\u017eu da\u00a0 propagiraju potpuno nenau\u010dnu tezu da industrijske aktivnosti najrazvijenijih zemalja na svetu ne uti\u010du na globalno zagrevanje. Kori\u0161\u0107enje \u201cprljavih tehnologija\u201d i ignorisanje potrebe za znatno ve\u0107im ulaganjima u za\u0161titu \u017eivotne sredine nego \u0161to je to sada slu\u010daj ne samo da mogu izazvati jo\u0161 ve\u0107e zaga\u0111enje ve\u0107 i veoma ozbiljno ugro\u017eava i vitalne prirodne funkcije \u201cMajke zemlje\u201d.<\/p>\n<p>Svestan da bi i u potencijalnoj apokalipsi zbog mo\u0107i koji poseduje bio privilegovan i za\u0161ti\u0107en, krupni kapital za globalno zagrevanje ne mari, ali \u0161iroke narodne mase ne dele takvo mi\u0161ljenje. Podatak da su se zastupnici interesa multinacionalnih kompanija u svojoj kontraofanzivi odlu\u010dili na formiranje \u201canti-Greta\u201d identiteta kroz Naomi Seibt jasno ukazuje koliko je sedamnaestogodi\u0161nja devoj\u010dica iz \u0160vedske uspela da uzdrma lagodnu poziciju svetskog establi\u0161menta.<\/p>\n<p>Njena odlu\u010dna kritika odnosa najrazvijenijih zemalja prema klimatskim pitanjima sve \u010de\u0161\u0107e dobija i antisistemski karakter \u0161to nikako ne raduje zapadne politi\u010dare i finansijske mo\u0107nike. Marksisti\u010dki aktivisti sa jedne, i ekolo\u0161ki predvo\u0111eni Gretom Tunberg sa druge strane, pribli\u017eavaju svoje kritike na ra\u010dun nemarnosti krupnog kapitala prema za\u0161titi \u017eivotne sredine.<\/p>\n<p>Ukoliko bi deo levice odbacio predrasude prema Greti zbog njene pripadnosti gra\u0111anskoj klasi, a ona se pak odrekla svojih utopisti\u010dkih stavova o avio saobra\u0107aju i zablude da je u aktuelnim uslovima mogu\u0107e da svi stanovnici planete budu vegani, mogao bi biti formiran veoma jak ujedinjeni front koji bi nenau\u010dnu propagandu \u201cHartlenda\u201d i sli\u010dnih institucija u\u010dinio jo\u0161 jalovijom.<\/p>\n<p><a href=\"https:\/\/www.danas.rs\/kolumna\/gojko-vlaovic\/anti-greta\/\">Danas<\/a><\/p>\n","protected":false},"excerpt":{"rendered":"<p>Marksisti\u010dki aktivisti sa jedne, i ekolo\u0161ki predvo\u0111eni Gretom Tunberg sa druge strane, pribli\u017eavaju svoje kritike na ra\u010dun nemarnosti krupnog kapitala prema za\u0161titi \u017eivotne sredine<\/p>\n","protected":false},"author":1,"featured_media":284951,"comment_status":"open","ping_status":"closed","sticky":false,"template":"","format":"standard","meta":{"_seopress_robots_primary_cat":"","_seopress_titles_title":"","_seopress_titles_desc":"","_seopress_robots_index":"","_et_pb_use_builder":"","_et_pb_old_content":"","_et_gb_content_width":"","inline_featured_image":false,"footnotes":""},"categories":[5],"tags":[],"class_list":["post-285969","post","type-post","status-publish","format-standard","has-post-thumbnail","hentry","category-drugi-pisu"],"_links":{"self":[{"href":"https:\/\/www.pcnen.com\/portal\/wp-json\/wp\/v2\/posts\/285969","targetHints":{"allow":["GET"]}}],"collection":[{"href":"https:\/\/www.pcnen.com\/portal\/wp-json\/wp\/v2\/posts"}],"about":[{"href":"https:\/\/www.pcnen.com\/portal\/wp-json\/wp\/v2\/types\/post"}],"author":[{"embeddable":true,"href":"https:\/\/www.pcnen.com\/portal\/wp-json\/wp\/v2\/users\/1"}],"replies":[{"embeddable":true,"href":"https:\/\/www.pcnen.com\/portal\/wp-json\/wp\/v2\/comments?post=285969"}],"version-history":[{"count":1,"href":"https:\/\/www.pcnen.com\/portal\/wp-json\/wp\/v2\/posts\/285969\/revisions"}],"predecessor-version":[{"id":285970,"href":"https:\/\/www.pcnen.com\/portal\/wp-json\/wp\/v2\/posts\/285969\/revisions\/285970"}],"wp:featuredmedia":[{"embeddable":true,"href":"https:\/\/www.pcnen.com\/portal\/wp-json\/wp\/v2\/media\/284951"}],"wp:attachment":[{"href":"https:\/\/www.pcnen.com\/portal\/wp-json\/wp\/v2\/media?parent=285969"}],"wp:term":[{"taxonomy":"category","embeddable":true,"href":"https:\/\/www.pcnen.com\/portal\/wp-json\/wp\/v2\/categories?post=285969"},{"taxonomy":"post_tag","embeddable":true,"href":"https:\/\/www.pcnen.com\/portal\/wp-json\/wp\/v2\/tags?post=285969"}],"curies":[{"name":"wp","href":"https:\/\/api.w.org\/{rel}","templated":true}]}}