{"id":285900,"date":"2020-03-09T07:06:06","date_gmt":"2020-03-09T06:06:06","guid":{"rendered":"https:\/\/www.pcnen.com\/portal\/?p=285900"},"modified":"2020-03-09T07:06:06","modified_gmt":"2020-03-09T06:06:06","slug":"milosevicev-sindrom-kod-aljbina-kurtija","status":"publish","type":"post","link":"https:\/\/www.pcnen.com\/portal\/2020\/03\/09\/milosevicev-sindrom-kod-aljbina-kurtija\/","title":{"rendered":"Milo\u0161evi\u0107ev sindrom kod Aljbina Kurtija"},"content":{"rendered":"<p><strong>Pi\u0161e: Jasmina Luka\u010d<\/strong><\/p>\n<p>Kurti je robijao u Milo\u0161evi\u0107evo vreme u zatvoru u Po\u017earevcu te se mo\u017ee re\u0107i i da ga je obuzeo naknadnii stokoholmski sindrom poistove\u0107ivanja sa onim ko ga je utamni\u010dio.<\/p>\n<p>Kosovski premijer uspeo je da se postavi kao glavna prepreka nastojanjima Bele ku\u0107e i najbli\u017eih saradnika predsednika Trampa da se postigne \u201ckrajnji mirovni sporazum\u201d Beograda i Pri\u0161tine. Ali, uloga prepreke za Kurtija i njegovo Samoopredeljenje nije nova, oni je igraju odavno i vrlo prilje\u017eno. Na taj na\u010din su Kurtijevi poslanici uspeli da spre\u010de osnivanje zajednice sprskih op\u0161tina predvi\u0111eno Briselskim sporazumom, kao \u0161to su odu\u017eili i pristupanje Crne Gore NATO.<\/p>\n<p>Kako zapadni vojni savez ne prima dr\u017eave koje imaju grani\u010dne sporove, razgrani\u010denje Crne Gore i Kosova i dono\u0161enje zakona o tome, bilo je pra\u0107eno \u017eestokim akcijama Samoopredeljenja. Kurtijeva stranka predvodila je one koji su tvrdili da se sporazumom oduzima 8.000 hektara kosovske zemlje. I dan danas se tra\u017ei revizija sporazuma sa obja\u0161njenjem da je Crnoj Gori pogre\u0161no pripalo 40 kvadratnih kilometara Kosova. Sporazum o razgrani\u010denju postignut je 2015, Crna Gora ga je odmah ratifikovala, 2017. je primljena u NATO, dok je u parlamentu Kosova stvar jedva pro\u0161la tek u martu 2018. Ratifikacija je postavljana kao uslov za viznu liberalizaciju sa Evropskom unijom, ali EU to obe\u0107anje nije ispunila, pozvav\u0161i se na to da je isto tako va\u017ean uslov borba protiv kriminala i korupcije. Neposredno pre rafitikacije Samoopredeljenje je pocepano, stranku je napustila grupa poslanika kao i gradona\u010delnik Pri\u0161tine \u0160pend Ahmeti.<\/p>\n<p>Prethodno, u borbi protiv ratifikacije, protestima, bacanju suzavca, i sukobima sa policijom Samoopredeljenje je podnelo i ljudske \u017ertve. I sada u Kurtijevom stranci pominju tra\u017eenje odgovornosti za smrt svog aktiviste Astrita Deharija. Ovaj 26. godi\u0161nji student medicine bio je optu\u017een da je u avgustu 2016. bacio granatu na Skup\u0161tinu Kosova u nemirima zbog razgrani\u010denja sa Crnom Gorom. Preminuo je, prema zvani\u010dnoj verziji, u sobi pritvorske jedinice zatvora u Prizrenu 5. novembra 2016. dok su ostali zatvorenici bili u popodnevnoj \u0161etnji u dvori\u0161tu. Dehari je ostao da sre\u0111uje sobu, a portali u regionu tvrde da jo\u0161 ja\u010du senku na ovaj slu\u010daj baca to \u0161to se pet meseci kasnije dogodila i smrt Nasera Makollija, glavnog svedoka slu\u010daja, koji je delio \u0107eliju sa Deharijem i prvi je stigao na mjesto doga\u0111aja.<\/p>\n<p>U Samoopredeljenju su navodili da vlast ho\u0107e da ih proglasi za teororiste i zabrani, a da su oni iskreni borci za Kosovo i ujednjenje sa Albanijom.<\/p>\n<p>Koliko je Kurti spreman na suprotstavljanje svedo\u010di i to \u0161to su njegovi potezi sra\u010dunati da budu kontraverzni, a ne konstruktivni. Tako je kao odgovor na susrete kosovskog predsednika Ha\u0161ima Ta\u010dija sa glavnim ameri\u010dkom pregovara\u010dem Ri\u010dardom Grenelom, odgovorio tra\u017eenjem Ta\u010dijeve smene. Kurti je \u201cotkrio\u201d da postoji dodatni \u201ctajni sporazum\u201d vezan za prvi Briselski sporazum izme\u0111u Beograda i Pri\u0161tine 2013. godine. I taj dodatni tajni sporazum je obavezivanje Ta\u010dija kod tada\u0161njeg generalnog sekretara NATO Andersa Fog Rasmusena da Kfor ima pravo veta na sve akcije albanskih snaga na severu Kosova. Zvani\u010dnici Kfora nisu se ogla\u0161avali u beogradskim medijima ovim povodom. Kurti je teatralno objasnio da je njegova du\u017enost da obavesti skup\u0161tinu, tu\u017eioca i javnost o tome, te da razmenjena pisma nije zatekao u kabinetu (Ta\u010di je 2013. bio premijer, pa je logi\u010dno da se dokumentacije zatekla), ve\u0107 je \u201cve\u0107 je dobio od jednog zvani\u010dnika NATO\u201d.<\/p>\n<p>U beogradskoj \u0161tampi se tvrdi da Kurti za svoje protivljenje Amerikancima ima pre\u0107utnu saglasnost Nema\u010dke, a spekuli\u0161e se i Velike Britanije. Iz pozicije Berlina takvo protivljenje ima jasnu logi\u010dnu pozadinu, jer bi glavna \u201cnagrada\u201d za postizanje sporazuma bilo ubrzano u\u010dlanjivanje Srbije u EU, i izvesna perspektiva za Kosovo, \u0161to zna\u010di i viznu liberalizaciju. \u010cini se da na tako ne\u0161to u ovom trenutku niko u Berlinu, ali ni u Briselu nije spreman, te da to \u201cservisiranje\u201d ciljeva ameri\u010dkog saveznika, nema podr\u0161ku. Niti se ima sluha za potebe Trampove kampanje za drugi mandat, budu\u0107i da se uzima da bi sporazum Beograda i Pri\u0161tine bio predstavljen kao spoljnopoliti\u010dki uspeh administracije akutelnog predsednika.<\/p>\n<p>Kod Kurtija je vidljiv i Milo\u0161evi\u0107ev sindrom i po tome \u0161to njegovi saradnici nastoje da ubla\u017ee sliku pritiska koji vr\u0161i Va\u0161ington. Tako je Grenel, napisao na Tviteru da je Kurtiju jasno re\u010deno da SAD ne\u0107e nastaviti s podr\u0161kom Pri\u0161tini ako ne ukine takse na uvoz robe iz Srbije i BiH. Ranije je Grenel, koji je i dalje u statusu vr\u0161ioca du\u017enosti \u0161efa svih ameri\u010dkih bezbednosnih slu\u017ebi, tvitovao da o\u010dekuje da Kurti takse ukine odmah. I da postepeno skidanje tih taksi zbog kojih je uostalom i pala vlada Ramu\u0161a Haradinaja pro\u0161log leta, koja ih je uvela, ne dolazi u obzir. Ali, Kurtijev saradnik i \u010dlan Samoopredeljenja Erzen Vrani\u0107i napisao je na Fesjbuku da je Grenel mnogo manje o\u0161tar kad direktno preko telefona pri\u010da sa kosovskim premijerom nego na Tviteru. I to je upravo taj manir koji se u slu\u010daju Srbije pokazao katastrofalnim \u2013 i u Srbiji se pri\u010dalo i pisalo da tada\u0161nji pregovara\u010d Ri\u010dard Holbruk nije tako izri\u010dit sa Milo\u0161evi\u0107em kada je nasamo, i da \u0107e srpski predsednik uspeti da ispregovara neki dogovor. Tada nije bilo dru\u0161tvenih mre\u017ea da se to demantuje, ali osmo\u010dasovni razgovori bili su tako\u0111e, dovoljno jasan znak.<\/p>\n<p><a href=\"https:\/\/demostat.rs\/sr\/vesti\/analize\/milosevicev-sindrom-kod-aljbina-kurtija\/836\">Demostat<\/a><\/p>\n","protected":false},"excerpt":{"rendered":"<p>Politi\u010dko pona\u0161anje kosovskog premijera Aljbina Kurtija po\u010dinje da podse\u0107a na Slobodana Milo\u0161evi\u0107a. Kruti otvoreno prkosi Beloj ku\u0107i i Sjedinjenim Dr\u017eavama na vrlo sli\u010dan na\u010din kao \u0161to je to nekad radio srpski predsednik.<\/p>\n","protected":false},"author":1,"featured_media":285901,"comment_status":"open","ping_status":"closed","sticky":false,"template":"","format":"standard","meta":{"_seopress_robots_primary_cat":"","_seopress_titles_title":"","_seopress_titles_desc":"","_seopress_robots_index":"","_et_pb_use_builder":"","_et_pb_old_content":"","_et_gb_content_width":"","inline_featured_image":false,"footnotes":""},"categories":[5],"tags":[],"class_list":["post-285900","post","type-post","status-publish","format-standard","has-post-thumbnail","hentry","category-drugi-pisu"],"_links":{"self":[{"href":"https:\/\/www.pcnen.com\/portal\/wp-json\/wp\/v2\/posts\/285900","targetHints":{"allow":["GET"]}}],"collection":[{"href":"https:\/\/www.pcnen.com\/portal\/wp-json\/wp\/v2\/posts"}],"about":[{"href":"https:\/\/www.pcnen.com\/portal\/wp-json\/wp\/v2\/types\/post"}],"author":[{"embeddable":true,"href":"https:\/\/www.pcnen.com\/portal\/wp-json\/wp\/v2\/users\/1"}],"replies":[{"embeddable":true,"href":"https:\/\/www.pcnen.com\/portal\/wp-json\/wp\/v2\/comments?post=285900"}],"version-history":[{"count":1,"href":"https:\/\/www.pcnen.com\/portal\/wp-json\/wp\/v2\/posts\/285900\/revisions"}],"predecessor-version":[{"id":285902,"href":"https:\/\/www.pcnen.com\/portal\/wp-json\/wp\/v2\/posts\/285900\/revisions\/285902"}],"wp:featuredmedia":[{"embeddable":true,"href":"https:\/\/www.pcnen.com\/portal\/wp-json\/wp\/v2\/media\/285901"}],"wp:attachment":[{"href":"https:\/\/www.pcnen.com\/portal\/wp-json\/wp\/v2\/media?parent=285900"}],"wp:term":[{"taxonomy":"category","embeddable":true,"href":"https:\/\/www.pcnen.com\/portal\/wp-json\/wp\/v2\/categories?post=285900"},{"taxonomy":"post_tag","embeddable":true,"href":"https:\/\/www.pcnen.com\/portal\/wp-json\/wp\/v2\/tags?post=285900"}],"curies":[{"name":"wp","href":"https:\/\/api.w.org\/{rel}","templated":true}]}}