{"id":285744,"date":"2020-03-07T11:15:47","date_gmt":"2020-03-07T10:15:47","guid":{"rendered":"https:\/\/www.pcnen.com\/portal\/?p=285744"},"modified":"2020-03-07T12:12:41","modified_gmt":"2020-03-07T11:12:41","slug":"pazin-o-dijalogu-sa-pazin-o-dijalogu-sa-mitropolijom-crnogorsko-primorskom","status":"publish","type":"post","link":"https:\/\/www.pcnen.com\/portal\/2020\/03\/07\/pazin-o-dijalogu-sa-pazin-o-dijalogu-sa-mitropolijom-crnogorsko-primorskom\/","title":{"rendered":"Pa\u017ein o dijalogu sa Mitropolijom crnogorsko primorskom"},"content":{"rendered":"<p>Dijalog crnogorske Vlade i Mitropolije crnogorsko-primorske (MCP), koji \u0107e <a href=\"https:\/\/www.pcnen.com\/portal\/2020\/03\/05\/prvi-sastanak-ekspertskih-timova-vlade-i-mcp-11-marta\/\">naredne sedmice biti nastavljen na ekspertskom nivou<\/a>, bi\u0107e usredsre\u0111en na \u010dlanove Zakona o slobodi vjeroispovijesti koji se odnose na imovinsko-pravna pitanja, rekao je potpredsjednik Vlade Zoran Pa\u017ein.<\/p>\n<p>Prema njegovim rije\u010dima, bilo bi razumno o\u010dekivati da se razgovor fokusira na \u010dlanove 62 i 64 koji su sporni i koji se ti\u010du imovinsko-pravnih pitanja.<\/p>\n<p>Pa\u017ein je u <a href=\"https:\/\/www.glasamerike.net\/a\/pa%C5%BEin-za-glas-amerike-crvena-linija-u-dijalogu---pravni-poredak-crne-gore\/5319126.html\">intervjuu za Glas Amerike<\/a> rekao da argumentovani razgovor sa predstavnicima Srpske pravoslavne crkve o Zakonu o slobodi vjeroispovijesti, mo\u017ee dovesti do obostrano prihvatljivog re\u0161enja, posebno ukoliko postoji dobra volja na obje strane.<\/p>\n<p>\u201eSiguran sam da ekspertski nivo razgovora podrazumijeva fokusirano bavljenje pravnom problematikom, ostavljaju\u0107i politiku po strani. Vjerujem da se uva\u017eavanjem argumenata protivne strane, spremno\u0161\u0107u da se tolerancijom i strpljenjem, mo\u017ee do\u0107i do re\u0161enja koje \u0107e relaksirati postoje\u0107u situaciju i koja \u0107e nas usmjeriti na neke druge, tako\u0111e va\u017ene, teme u Crnoj Gori\u201c, rekao je Pa\u017ein.<\/p>\n<p>On je dodao da je pravni poredak Crne Gore crvena linija koja ne smije da se pre\u0111e.<\/p>\n<p>\u201eTako\u0111e, crvena linija je potreba da svi gra\u0111ani bez obzira na nacionalnost ili vjeru budu na jednako pravan na\u010din tretirani, da ne bude niti privilegovanih niti diskriminisanih u \u010ditavom tom odnosu izme\u0111u dr\u017eave i vjerskih zajednica i to je ono na \u010demu \u0107emo mi insistirati, ali zaista vrlo otvoreni da \u010dujemo argumente druge strane i da imamo stav uva\u017eavanja prema argumentima druge strane\u201c, rekao je Pa\u017ein.<\/p>\n<p>Prema njegovim rije\u010dima, u Americi postoji visok stepen razumijevanja za potrebu Crne Gore da ima jedan takav moderan zakon.<\/p>\n","protected":false},"excerpt":{"rendered":"<p>Bilo bi razumno o\u010dekivati da se razgovor fokusira na \u010dlanove 62 i 64 koji su sporni i koji se ti\u010du imovinsko-pravnih pitanja.<\/p>\n","protected":false},"author":1,"featured_media":285745,"comment_status":"open","ping_status":"closed","sticky":false,"template":"","format":"standard","meta":{"_seopress_robots_primary_cat":"","_seopress_titles_title":"","_seopress_titles_desc":"","_seopress_robots_index":"","_et_pb_use_builder":"","_et_pb_old_content":"","_et_gb_content_width":"","inline_featured_image":false,"footnotes":""},"categories":[14],"tags":[],"class_list":["post-285744","post","type-post","status-publish","format-standard","has-post-thumbnail","hentry","category-vijesti"],"_links":{"self":[{"href":"https:\/\/www.pcnen.com\/portal\/wp-json\/wp\/v2\/posts\/285744","targetHints":{"allow":["GET"]}}],"collection":[{"href":"https:\/\/www.pcnen.com\/portal\/wp-json\/wp\/v2\/posts"}],"about":[{"href":"https:\/\/www.pcnen.com\/portal\/wp-json\/wp\/v2\/types\/post"}],"author":[{"embeddable":true,"href":"https:\/\/www.pcnen.com\/portal\/wp-json\/wp\/v2\/users\/1"}],"replies":[{"embeddable":true,"href":"https:\/\/www.pcnen.com\/portal\/wp-json\/wp\/v2\/comments?post=285744"}],"version-history":[{"count":5,"href":"https:\/\/www.pcnen.com\/portal\/wp-json\/wp\/v2\/posts\/285744\/revisions"}],"predecessor-version":[{"id":285755,"href":"https:\/\/www.pcnen.com\/portal\/wp-json\/wp\/v2\/posts\/285744\/revisions\/285755"}],"wp:featuredmedia":[{"embeddable":true,"href":"https:\/\/www.pcnen.com\/portal\/wp-json\/wp\/v2\/media\/285745"}],"wp:attachment":[{"href":"https:\/\/www.pcnen.com\/portal\/wp-json\/wp\/v2\/media?parent=285744"}],"wp:term":[{"taxonomy":"category","embeddable":true,"href":"https:\/\/www.pcnen.com\/portal\/wp-json\/wp\/v2\/categories?post=285744"},{"taxonomy":"post_tag","embeddable":true,"href":"https:\/\/www.pcnen.com\/portal\/wp-json\/wp\/v2\/tags?post=285744"}],"curies":[{"name":"wp","href":"https:\/\/api.w.org\/{rel}","templated":true}]}}