{"id":285017,"date":"2020-02-26T20:59:33","date_gmt":"2020-02-26T19:59:33","guid":{"rendered":"https:\/\/www.pcnen.com\/portal\/?p=285017"},"modified":"2020-02-26T20:59:33","modified_gmt":"2020-02-26T19:59:33","slug":"varoufakis-govori-u-odbranu-asanza","status":"publish","type":"post","link":"https:\/\/www.pcnen.com\/portal\/2020\/02\/26\/varoufakis-govori-u-odbranu-asanza\/","title":{"rendered":"Varoufakis govori u odbranu Asan\u017ea"},"content":{"rendered":"<p><iframe loading=\"lazy\" title=\"A film of Yanis Varoufakis&#039; powerful speech in support of Julian Assange | DiEM25\" width=\"1080\" height=\"608\" src=\"https:\/\/www.youtube.com\/embed\/Uyi7vGTGWng?feature=oembed\" frameborder=\"0\" allow=\"accelerometer; autoplay; clipboard-write; encrypted-media; gyroscope; picture-in-picture; web-share\" allowfullscreen><\/iframe><\/p>\n","protected":false},"excerpt":{"rendered":"<p>Kratki film o u\u010de\u0107u DiEM25 u protestnom mar\u0161u odr\u017eanom u Londonu 22. i 23. februara u znak podr\u0161ke D\u017eulianu Asan\u017eu i protiv njegovog izru\u010denja SAD. Video sadr\u017ei govor Janisa Varufakisa.<\/p>\n","protected":false},"author":1,"featured_media":283857,"comment_status":"open","ping_status":"closed","sticky":false,"template":"","format":"standard","meta":{"_seopress_robots_primary_cat":"","_seopress_titles_title":"","_seopress_titles_desc":"","_seopress_robots_index":"","_et_pb_use_builder":"","_et_pb_old_content":"","_et_gb_content_width":"","inline_featured_image":false,"footnotes":""},"categories":[13],"tags":[],"class_list":["post-285017","post","type-post","status-publish","format-standard","has-post-thumbnail","hentry","category-video"],"_links":{"self":[{"href":"https:\/\/www.pcnen.com\/portal\/wp-json\/wp\/v2\/posts\/285017","targetHints":{"allow":["GET"]}}],"collection":[{"href":"https:\/\/www.pcnen.com\/portal\/wp-json\/wp\/v2\/posts"}],"about":[{"href":"https:\/\/www.pcnen.com\/portal\/wp-json\/wp\/v2\/types\/post"}],"author":[{"embeddable":true,"href":"https:\/\/www.pcnen.com\/portal\/wp-json\/wp\/v2\/users\/1"}],"replies":[{"embeddable":true,"href":"https:\/\/www.pcnen.com\/portal\/wp-json\/wp\/v2\/comments?post=285017"}],"version-history":[{"count":1,"href":"https:\/\/www.pcnen.com\/portal\/wp-json\/wp\/v2\/posts\/285017\/revisions"}],"predecessor-version":[{"id":285018,"href":"https:\/\/www.pcnen.com\/portal\/wp-json\/wp\/v2\/posts\/285017\/revisions\/285018"}],"wp:featuredmedia":[{"embeddable":true,"href":"https:\/\/www.pcnen.com\/portal\/wp-json\/wp\/v2\/media\/283857"}],"wp:attachment":[{"href":"https:\/\/www.pcnen.com\/portal\/wp-json\/wp\/v2\/media?parent=285017"}],"wp:term":[{"taxonomy":"category","embeddable":true,"href":"https:\/\/www.pcnen.com\/portal\/wp-json\/wp\/v2\/categories?post=285017"},{"taxonomy":"post_tag","embeddable":true,"href":"https:\/\/www.pcnen.com\/portal\/wp-json\/wp\/v2\/tags?post=285017"}],"curies":[{"name":"wp","href":"https:\/\/api.w.org\/{rel}","templated":true}]}}