{"id":284847,"date":"2020-02-25T08:54:13","date_gmt":"2020-02-25T07:54:13","guid":{"rendered":"https:\/\/www.pcnen.com\/portal\/?p=284847"},"modified":"2020-12-25T16:31:00","modified_gmt":"2020-12-25T15:31:00","slug":"svestenik-i-poslanik-o-kontroverznom-zakonu-o-slobodi-vjeroispovijesti","status":"publish","type":"post","link":"https:\/\/www.pcnen.com\/portal\/2020\/02\/25\/svestenik-i-poslanik-o-kontroverznom-zakonu-o-slobodi-vjeroispovijesti\/","title":{"rendered":"Sve\u0161tenik i poslanik o kontroverznom Zakonu o slobodi vjeroispovijesti (tv emisija)"},"content":{"rendered":"<p><iframe loading=\"lazy\" title=\"PROBLEM - GOSTI - GOJKO PEROVIC I ANDRIJA POPOVIC  19.02.2020\" width=\"1080\" height=\"608\" src=\"https:\/\/www.youtube.com\/embed\/IO_vdQVxJTA?feature=oembed\" frameborder=\"0\" allow=\"accelerometer; autoplay; clipboard-write; encrypted-media; gyroscope; picture-in-picture; web-share\" allowfullscreen><\/iframe><\/p>\n","protected":false},"excerpt":{"rendered":"<p>Emisija TV Budve u kojoj su nedavno gostovali Gojko Perovi\u0107, rektor Cetinjske bogoslovije, i Andrija Popovi\u0107, poslanik Liberalne partije, \u010dlanice vladaju\u0107e koalicije na nacionalnom nivou<\/p>\n","protected":false},"author":1,"featured_media":279481,"comment_status":"open","ping_status":"closed","sticky":false,"template":"","format":"standard","meta":{"_seopress_robots_primary_cat":"","_seopress_titles_title":"","_seopress_titles_desc":"","_seopress_robots_index":"","_et_pb_use_builder":"","_et_pb_old_content":"","_et_gb_content_width":"","inline_featured_image":false,"footnotes":""},"categories":[13],"tags":[],"class_list":["post-284847","post","type-post","status-publish","format-standard","has-post-thumbnail","hentry","category-video"],"_links":{"self":[{"href":"https:\/\/www.pcnen.com\/portal\/wp-json\/wp\/v2\/posts\/284847","targetHints":{"allow":["GET"]}}],"collection":[{"href":"https:\/\/www.pcnen.com\/portal\/wp-json\/wp\/v2\/posts"}],"about":[{"href":"https:\/\/www.pcnen.com\/portal\/wp-json\/wp\/v2\/types\/post"}],"author":[{"embeddable":true,"href":"https:\/\/www.pcnen.com\/portal\/wp-json\/wp\/v2\/users\/1"}],"replies":[{"embeddable":true,"href":"https:\/\/www.pcnen.com\/portal\/wp-json\/wp\/v2\/comments?post=284847"}],"version-history":[{"count":3,"href":"https:\/\/www.pcnen.com\/portal\/wp-json\/wp\/v2\/posts\/284847\/revisions"}],"predecessor-version":[{"id":310625,"href":"https:\/\/www.pcnen.com\/portal\/wp-json\/wp\/v2\/posts\/284847\/revisions\/310625"}],"wp:featuredmedia":[{"embeddable":true,"href":"https:\/\/www.pcnen.com\/portal\/wp-json\/wp\/v2\/media\/279481"}],"wp:attachment":[{"href":"https:\/\/www.pcnen.com\/portal\/wp-json\/wp\/v2\/media?parent=284847"}],"wp:term":[{"taxonomy":"category","embeddable":true,"href":"https:\/\/www.pcnen.com\/portal\/wp-json\/wp\/v2\/categories?post=284847"},{"taxonomy":"post_tag","embeddable":true,"href":"https:\/\/www.pcnen.com\/portal\/wp-json\/wp\/v2\/tags?post=284847"}],"curies":[{"name":"wp","href":"https:\/\/api.w.org\/{rel}","templated":true}]}}