{"id":284567,"date":"2020-02-21T10:21:35","date_gmt":"2020-02-21T09:21:35","guid":{"rendered":"https:\/\/www.pcnen.com\/portal\/?p=284567"},"modified":"2020-02-21T10:39:20","modified_gmt":"2020-02-21T09:39:20","slug":"sloga-bice-poraz-vragu","status":"publish","type":"post","link":"https:\/\/www.pcnen.com\/portal\/2020\/02\/21\/sloga-bice-poraz-vragu\/","title":{"rendered":"Sloga bi\u0107e poraz vragu?"},"content":{"rendered":"<p>Ve\u0107 dva mjeseca, od kada je usvojen kontroverzni Zakon o slobodi vjeroispovjesti, \u017eivot u Crnoj Gori je stao. Samo se pri\u010da o tom zakonu i crkvenim protestnim litijama. Propaganda je kao devedestih, a i stanje je sli\u010dno. Ili mo\u017eda gore, kao pred rat u Bosni. Osim od sve\u0161tenika Gojka Perovi\u0107a, sa svih drugih strana dolaze uglavnom izjave koje podgrijavaju atmosferu mr\u017enje i sukoba. Intelektualci, gra\u0111ani i gra\u0111anske stranke mudro \u0107ute ili se svrstavaju u ovaj ili onaj tabor. Jedan sve\u0161tenik tako ispade najve\u0107i gra\u0111anin od svih.<\/p>\n<p>Poslije poziva Andrije Mandi\u0107a u Skup\u0161tini da njegovi ratni drugovi iskopaju oru\u017eje i upozerenja da se nepravoslavci ne mije\u0161aju u rje\u0161avanju nastalog problema, mnogi su uistinu iskopali oru\u017eje \u2013 bar ono koje im je bilo sakriveno u glavama, pokazaju\u0107i u stvari svoje pravo lice. A oni koji su Mandi\u0107a kao najvi\u0161e kritikovali zbog navedenih izjava, upravo su postupili tako \u2013 isklju\u010dili su nepravoslavce iz javnog \u017eivota povodom ove, poslednjih dva mjeseca, jedine teme.<\/p>\n<p>U propagandom ratu punom mr\u017enje koju je pokrenuo aktualni re\u017eim, druga strana mu je \u201e\u017eestoko uzvratila\u201c. Pod drugom stranom ne mislim prvenstveno na crkvu, ve\u0107 prije svega na medije ekstremno desne orjentacije koji je podr\u017eavaju, ali i na dio doju\u010dera\u0161njih \u201evi\u0111enih gra\u0111ana\u201c. U atmosferi stalnih tenzija, koje variraju od jakih do onih koji su na ta\u010dki pucanja, mnogi pravoslavci su u strahu, pitaju\u0107i se da li \u0107e biti rata. A nepravoslavce niko ne pita kako se oni osje\u0107aju, imaju li kao manjina jo\u0161 ve\u0107i strah i zebnju nego \u0161to ima ve\u0107ina. Jer, na prokletom Balkanu, to svi dobro znamo, u svim sukobima manjine uvijek izvuku najdeblji kraj.<\/p>\n<p>U aktuelnom sukobu vlasti i crkve, one su kolateralna \u0161teta. Svako \u017eeli njihovu podr\u0161ku, a svi ih vije\u0111aju i nipodi\u0161tavaju. Tako poslanici vlasti, u obra\u010dunu sa crkvom, upozoravaju da ne\u0107e dozvoliti da Crna Gora postane d\u017eamahirija (Andrija Popovi\u0107), iako je d\u017eamahirija sekularna dr\u017eava u kojoj crkva i vjera nemaju uticaja i potpuno su odvojeni od dr\u017eave. Ali, neznavenog Popovi\u0107a, sama rije\u010d d\u017eamahirija asocira na islam, a to je, po difoltu koji vlada ovim prostorima, ne\u0161to nazadno, retrogradno i opasno. \u00a0Poslanik Mi\u0161ko Vukovi\u0107 ka\u017ee da nam Podgorica zbog crkvenih litija sve vi\u0161e li\u010di na Teheran, opet jasno asociraju\u0107i na \u201enazadni islam\u201c, iako je isti Vukovi\u0107 \u010dlan parlamentarne Grupe prijateljstva Crne Gore i Irana, a 20% stanovnika dr\u017eave islamske vjeroispovjesti.<\/p>\n<p>Predrag Bulatovi\u0107 izjavi prije dvadesetak dana kako je Milan Kne\u017eevi\u0107 \u010destiti lider pravog naroda u Crnoj Gori. Ostali narodi su, logi\u010dno se da zaklju\u010diti iz ove izjave \u2013 krivi narodi. Sino\u0107 u emisiji \u201eNa\u010disto\u201c, Dragan \u0160o\u0107 u svojstvu analiti\u010dara i pravnika izjavi da su litije gra\u0111anske jer su na njima Srbi i Crnogorci kao dr\u017eavotvorni narodi. Mi ostali valjda nijesmo dr\u017eavotvorni. A da nijesmo najbolje pokazuje reakcija voditelja i druga dva gosta u studiju, Bal\u0161e Brkovi\u010da i Miodraga Leki\u0107a, koji ne na\u0111o\u0161e ni\u0161ta sporno u navedenoj izjavi.<\/p>\n<p>Dru\u0161tvene mre\u017ee i portali su poseban fenomen u \u0161irenju \u201ebratske sloge\u201c. Vrcaju od fa\u0161isti\u010dkih objava, komentara, prijetnji i vrije\u0111anja pojedinaca, ali i cijelih naroda. I sam sam dobio sijaset prijetnji, \u0161to direktnih \u0161to indirektnih, \u00a0iako poku\u0161avam da u svojim objavama i komentarima ne uvrijedim nikog. Kako vrijeme prolazi, ta \u201ebratska sloga\u201c \u00a0postaje sve ve\u0107a \u2013 u okviru svog bratstva tj. nacije, a protiv onih drugih. Takva sloga mo\u017eda mo\u017ee biti poraz vragu, ali i svima nama. Od tolike \u201esloge\u201c, vrag ili \u0161ejtan u nama nas polako uzima pod svoje. Ako nas ve\u0107 skroz nije obuzeo.<\/p>\n<p>Ova dva mjeseca u Crnoj Gori va\u017ei pravilo iz pjesme D\u017eonija \u0160tuli\u0107a \u201eko ne misli ovako, taj kleve\u0107e i la\u017ee\u201c. Svaki kriti\u010dki osvrt na de\u0161avanje oko litija i crkve je te\u0161ki jeres, pa bio on najdobronamjerniji. Principijelna podr\u0161ka pravu crkve na miran protest zbog kontroverznog zakona, sa druge strane se do\u017eivljava kao izdajstvo dr\u017eave i podr\u0161ka neprijateljima svoje vjere i nacije &#8211; ako ste inovjerac.<\/p>\n<p>Mo\u017eda zato \u2013 da bi nas za\u0161titile, TV Vijesti svo ovo vrijeme, od toliko emisija, nijesu pozvale u goste nijednog inovjerca da iska\u017ee svoje mi\u0161ljenje i stav povodom aktuelnih doga\u0111anja? Ili je mo\u017eda Andrija Mandi\u0107 bio doista u pravu kada je rekao da je ovo problem koji se ti\u010de isklju\u010divo pravoslavaca i zato ostali ne treba da se mije\u0161aju!?<\/p>\n","protected":false},"excerpt":{"rendered":"<p>Pi\u0161e: Omer \u0160ARKI\u0106<\/p>\n","protected":false},"author":12,"featured_media":0,"comment_status":"open","ping_status":"closed","sticky":false,"template":"","format":"standard","meta":{"_seopress_robots_primary_cat":"","_seopress_titles_title":"","_seopress_titles_desc":"","_seopress_robots_index":"","_et_pb_use_builder":"","_et_pb_old_content":"","_et_gb_content_width":"","inline_featured_image":false,"footnotes":""},"categories":[17],"tags":[],"class_list":["post-284567","post","type-post","status-publish","format-standard","hentry","category-blogovi"],"_links":{"self":[{"href":"https:\/\/www.pcnen.com\/portal\/wp-json\/wp\/v2\/posts\/284567","targetHints":{"allow":["GET"]}}],"collection":[{"href":"https:\/\/www.pcnen.com\/portal\/wp-json\/wp\/v2\/posts"}],"about":[{"href":"https:\/\/www.pcnen.com\/portal\/wp-json\/wp\/v2\/types\/post"}],"author":[{"embeddable":true,"href":"https:\/\/www.pcnen.com\/portal\/wp-json\/wp\/v2\/users\/12"}],"replies":[{"embeddable":true,"href":"https:\/\/www.pcnen.com\/portal\/wp-json\/wp\/v2\/comments?post=284567"}],"version-history":[{"count":6,"href":"https:\/\/www.pcnen.com\/portal\/wp-json\/wp\/v2\/posts\/284567\/revisions"}],"predecessor-version":[{"id":284573,"href":"https:\/\/www.pcnen.com\/portal\/wp-json\/wp\/v2\/posts\/284567\/revisions\/284573"}],"wp:attachment":[{"href":"https:\/\/www.pcnen.com\/portal\/wp-json\/wp\/v2\/media?parent=284567"}],"wp:term":[{"taxonomy":"category","embeddable":true,"href":"https:\/\/www.pcnen.com\/portal\/wp-json\/wp\/v2\/categories?post=284567"},{"taxonomy":"post_tag","embeddable":true,"href":"https:\/\/www.pcnen.com\/portal\/wp-json\/wp\/v2\/tags?post=284567"}],"curies":[{"name":"wp","href":"https:\/\/api.w.org\/{rel}","templated":true}]}}