{"id":284548,"date":"2020-02-21T06:54:41","date_gmt":"2020-02-21T05:54:41","guid":{"rendered":"https:\/\/www.pcnen.com\/portal\/?p=284548"},"modified":"2020-02-20T20:57:46","modified_gmt":"2020-02-20T19:57:46","slug":"ekstremna-desnica-je-smrtonosnija-od-koronavirusa","status":"publish","type":"post","link":"https:\/\/www.pcnen.com\/portal\/2020\/02\/21\/ekstremna-desnica-je-smrtonosnija-od-koronavirusa\/","title":{"rendered":"Ekstremna desnica je smrtonosnija od koronavirusa"},"content":{"rendered":"<p><strong>Pi\u0161e: Marko Kostani\u0107<\/strong><\/p>\n<p>Nije trebalo puno \u010dekati da takozvane desne populisti\u010dke stranke \u0161irom Europe krenu u orkestriranu histeriju oko koronavirusa. Motiv im, dakako, nije zdravlje stanovni\u0161tva jer bi ina\u010de u njihovim programima i istupima nailazili na zahtjeve i politike koji uklju\u010duju izda\u0161nije i funkcionalnije zdravstvene sustave. Pojava koronavirusa im slu\u017ei kao jo\u0161 jedan navodno presudan argument u prilog zatvaranja granica i stro\u017ee kontrole migracija. Valja nazna\u010diti da nisu oni jedini \u201ckrivci\u201d: itekako su pomogli i navodno im suprotstavljeni \u201cre\u017eimski\u201d mediji koji su naprosto iskori\u0161tavali klikbejt potencijal vijesti, prenagla\u0161avali opasnost virusa i hranili rasisti\u010dke fantazije.<\/p>\n<p>Kako funkcionira izgradnja \u201cargumentacije\u201d pokazala je po\u010detkom velja\u010de Aur\u00e9lia Beigneux, zastupnica Nacionalnog saveza (biv\u0161e Nacionalne fronte) u Europskom parlamentu. Ona je u raspravi ustvrdila da \u201cslobodna cirkulacija ljudi i roba, imigracijska politika i slabe grani\u010dne kontrole o\u010dito dopu\u0161taju eksponencijalno \u0161irenje ovakvog tipa virusa.\u201d Na osnovu tog stava uputila je i \u201czdravorazumsko\u201d pitanje Andrei Ammon, direktorici Europskog centra za kontrolu i prevenciju bolesti: ne bi li za Europu bilo bolje da uvede ponovno unutarnje grani\u010dne kontrole i zaustavi imigraciju? Ammon je odgovorila negativno uz obrazlo\u017eenje da takav potez nema znanstveno utemeljenje. Istog je stava i Svjetska zdravstvena organizacija (WHO) koja je uputila javni savjet protiv restrikcija putovanja i trgovine.<\/p>\n<p>No, znanstvena utemeljenja na ekstremnoj desnici uglavnom ne igraju va\u017enu ulogu. Zapravo, \u010de\u0161\u0107e ih se prokazuje kao dio zavjere elita nego kao orijentir za politi\u010dko djelovanje. Pored francuskog Nacionalnog saveza, \u201cfrku\u201d oko koronavirusa je podigao i \u0161panjolski Vox, relativno nova stranka krajnje desnice koja u posljednje vrijeme bilje\u017ei sve relevantnije rezultate. Oni su zatra\u017eili od \u0161panjolskih vlasti da odmah zaustave sve ulaske u zemlju iz Kine. Slu\u017ebenom zahtjevu su pridru\u017eili i \u201c\u0161aljive\u201d objave na dru\u0161tvenim mre\u017eama. Tako je jedan zastupnik Voxa u madridskoj gradskoj skup\u0161tini napisao na Twitteru: \u201cAko se izgubim, nemojte me tra\u017eiti u kineskom restoranu.\u201d<\/p>\n<p>Rasisti\u010dki stavovi prema Kinezima u porastu su \u0161irom Europe nakon prvih saznanja o koronavirusu. Iako sam virus predstavlja pogonsko gorivo za razne teorije zavjere, sami Kinezi ne mogu poslu\u017eiti kao sna\u017ean rasisti\u010dki okida\u010d koji bi se onda lako preveo u popularne politi\u010dke zahtjeve. To ne zna\u010di da nisu podlo\u017eni cijelom nizu stereotipa i predrasuda, ve\u0107 da nemaju (jo\u0161) taj \u201cmobilizacijski\u201d potencijal za ekstremnu desnicu kao na primjer Muslimani ili Afrikanci. Me\u0111utim, talijanska Liga se prisjetila kako dosko\u010diti tom problemu. Oni problem ne vide u samim Kinezima ve\u0107 u Afrikancima. Jer jednom kad se oni zaraze onda smo gotovi. A zarazit \u0107e se zbog sna\u017enih ekonomskih veza Kine i Afrike.<\/p>\n<p>Dakle, uspjelo im je integrirati prijetnju koronavirusa u postoje\u0107e anti-migrantske narative. U me\u0111uvremenu, realnu prijetnju sigurnosti u Europi predstavlja upravo ekstremna desnica. Sino\u0107 je njema\u010dkom gradu Hanauu ekstremno desni terorist ubio devet ljudi. Mediji pritom uglavnom oklijevaju s kvalifikacijom terorist ve\u0107 uglavnom koriste onu ubojice. Jer terorist implicira \u0161iru politi\u010dku pozadinu i opasnost, dok samo ubojica, makar i s jasnim ideolo\u0161kim sklonostima, predstavlja isklju\u010divo pojedinca. A nedavni slu\u010dajevi otkrivanja ekstremno desnih organizacija s planom napada i izazivanja gra\u0111anskog rata u Italiji i Njema\u010dkoj, kao i rast popularnosti o\u010dito fa\u0161isti\u010dkih stranaka, jasno sugeriraju da posrijedi nisu samo pojedinci koji krive knjige \u010ditaju, kako bi rekao Johnny \u0160tuli\u0107, ve\u0107 politi\u010dke snage koje posljednjih godina prolaze kroz proces politi\u010dke normalizacije.<br \/>\nBilten<\/p>\n","protected":false},"excerpt":{"rendered":"<p>znanstvena utemeljenja na ekstremnoj desnici uglavnom ne igraju va\u017enu ulogu. Zapravo, \u010de\u0161\u0107e ih se prokazuje kao dio zavjere elita nego kao orijentir za politi\u010dko djelovanje.<\/p>\n","protected":false},"author":1,"featured_media":278224,"comment_status":"open","ping_status":"closed","sticky":false,"template":"","format":"standard","meta":{"_seopress_robots_primary_cat":"","_seopress_titles_title":"","_seopress_titles_desc":"","_seopress_robots_index":"","_et_pb_use_builder":"","_et_pb_old_content":"","_et_gb_content_width":"","inline_featured_image":false,"footnotes":""},"categories":[5],"tags":[],"class_list":["post-284548","post","type-post","status-publish","format-standard","has-post-thumbnail","hentry","category-drugi-pisu"],"_links":{"self":[{"href":"https:\/\/www.pcnen.com\/portal\/wp-json\/wp\/v2\/posts\/284548","targetHints":{"allow":["GET"]}}],"collection":[{"href":"https:\/\/www.pcnen.com\/portal\/wp-json\/wp\/v2\/posts"}],"about":[{"href":"https:\/\/www.pcnen.com\/portal\/wp-json\/wp\/v2\/types\/post"}],"author":[{"embeddable":true,"href":"https:\/\/www.pcnen.com\/portal\/wp-json\/wp\/v2\/users\/1"}],"replies":[{"embeddable":true,"href":"https:\/\/www.pcnen.com\/portal\/wp-json\/wp\/v2\/comments?post=284548"}],"version-history":[{"count":1,"href":"https:\/\/www.pcnen.com\/portal\/wp-json\/wp\/v2\/posts\/284548\/revisions"}],"predecessor-version":[{"id":284549,"href":"https:\/\/www.pcnen.com\/portal\/wp-json\/wp\/v2\/posts\/284548\/revisions\/284549"}],"wp:featuredmedia":[{"embeddable":true,"href":"https:\/\/www.pcnen.com\/portal\/wp-json\/wp\/v2\/media\/278224"}],"wp:attachment":[{"href":"https:\/\/www.pcnen.com\/portal\/wp-json\/wp\/v2\/media?parent=284548"}],"wp:term":[{"taxonomy":"category","embeddable":true,"href":"https:\/\/www.pcnen.com\/portal\/wp-json\/wp\/v2\/categories?post=284548"},{"taxonomy":"post_tag","embeddable":true,"href":"https:\/\/www.pcnen.com\/portal\/wp-json\/wp\/v2\/tags?post=284548"}],"curies":[{"name":"wp","href":"https:\/\/api.w.org\/{rel}","templated":true}]}}