{"id":284529,"date":"2020-02-20T15:40:14","date_gmt":"2020-02-20T14:40:14","guid":{"rendered":"https:\/\/www.pcnen.com\/portal\/?p=284529"},"modified":"2020-02-20T15:40:14","modified_gmt":"2020-02-20T14:40:14","slug":"ni-m-tel-nije-odgovoran-za-prekid-signala-tv-budva","status":"publish","type":"post","link":"https:\/\/www.pcnen.com\/portal\/2020\/02\/20\/ni-m-tel-nije-odgovoran-za-prekid-signala-tv-budva\/","title":{"rendered":"Ni m-tel nije odgovoran za prekid signala TV Budva"},"content":{"rendered":"<p>Iz kompanije m-tel su saop\u0161tili da nijesu odgovorni <a href=\"https:\/\/www.pcnen.com\/portal\/2020\/02\/19\/ugasen-kanal-rtv-budva\/\">za sino\u0161nji prekid signala TV Budva.<\/a><\/p>\n<p>&#8220;\u010cim smo uo\u010dili prekid emitovanja kanala, kontaktirali smo tehni\u010dku slu\u017ebu TV Budva u namjeri uspostave servisa i prevazilazenja nastale situacije. Ulazak u TV Budvu nam je omogu\u0107en tek nakon 22 sata, kada smo u najkra\u0107em mogu\u0107em roku, shodno procedurama realizovali emitovanje kanala. Sino\u0107njim prekidom signala najve\u0107u \u0161tetu, pored gledalaca, koji su bili uskra\u0107eni za pra\u0107enje TV sadr\u017eaja, trpi kompanija MTEL. Cilj kompanije MTEL je da korisnici imaju najkvalitetniji servis, po najpovoljnijim uslovima, na \u010demu \u0107emo i dalje insistirati&#8221;, poru\u010duju iz m-tela, prenosi RTCG.<\/p>\n<p>Agencija za elektronske medije je sino\u0107<a href=\"https:\/\/www.pcnen.com\/portal\/2020\/02\/19\/aem-nijesmo-dali-nalog-da-se-iskljuci-signal-tv-budva\/\"> saop\u0161tili da je neta\u010dna informacija<\/a> da je AEM dala nalog da se isklju\u010di signal TV Budv<\/p>\n<p>Neposredno pred po\u010detak emisije &#8220;Problem&#8221; na kanalu RTV Budva u kojoj su gostovali rektor Cetinjske bogoslovije protojerej-stavrofor Gojko Perovi\u0107 i predsjednik LP , do\u0161lo je do prekida programa, objavljeno je sino\u0107 RTV Budva.<\/p>\n","protected":false},"excerpt":{"rendered":"<p>Ulazak u TV Budvu nam je omogu\u0107en tek nakon 22 sata, kada smo u najkra\u0107em mogu\u0107em roku, shodno procedurama realizovali emitovanje kanala<\/p>\n","protected":false},"author":1,"featured_media":284483,"comment_status":"open","ping_status":"closed","sticky":false,"template":"","format":"standard","meta":{"_seopress_robots_primary_cat":"","_seopress_titles_title":"","_seopress_titles_desc":"","_seopress_robots_index":"","_et_pb_use_builder":"","_et_pb_old_content":"","_et_gb_content_width":"","inline_featured_image":false,"footnotes":""},"categories":[14],"tags":[],"class_list":["post-284529","post","type-post","status-publish","format-standard","has-post-thumbnail","hentry","category-vijesti"],"_links":{"self":[{"href":"https:\/\/www.pcnen.com\/portal\/wp-json\/wp\/v2\/posts\/284529","targetHints":{"allow":["GET"]}}],"collection":[{"href":"https:\/\/www.pcnen.com\/portal\/wp-json\/wp\/v2\/posts"}],"about":[{"href":"https:\/\/www.pcnen.com\/portal\/wp-json\/wp\/v2\/types\/post"}],"author":[{"embeddable":true,"href":"https:\/\/www.pcnen.com\/portal\/wp-json\/wp\/v2\/users\/1"}],"replies":[{"embeddable":true,"href":"https:\/\/www.pcnen.com\/portal\/wp-json\/wp\/v2\/comments?post=284529"}],"version-history":[{"count":1,"href":"https:\/\/www.pcnen.com\/portal\/wp-json\/wp\/v2\/posts\/284529\/revisions"}],"predecessor-version":[{"id":284530,"href":"https:\/\/www.pcnen.com\/portal\/wp-json\/wp\/v2\/posts\/284529\/revisions\/284530"}],"wp:featuredmedia":[{"embeddable":true,"href":"https:\/\/www.pcnen.com\/portal\/wp-json\/wp\/v2\/media\/284483"}],"wp:attachment":[{"href":"https:\/\/www.pcnen.com\/portal\/wp-json\/wp\/v2\/media?parent=284529"}],"wp:term":[{"taxonomy":"category","embeddable":true,"href":"https:\/\/www.pcnen.com\/portal\/wp-json\/wp\/v2\/categories?post=284529"},{"taxonomy":"post_tag","embeddable":true,"href":"https:\/\/www.pcnen.com\/portal\/wp-json\/wp\/v2\/tags?post=284529"}],"curies":[{"name":"wp","href":"https:\/\/api.w.org\/{rel}","templated":true}]}}