{"id":284520,"date":"2020-02-20T12:23:44","date_gmt":"2020-02-20T11:23:44","guid":{"rendered":"https:\/\/www.pcnen.com\/portal\/?p=284520"},"modified":"2020-02-20T12:27:44","modified_gmt":"2020-02-20T11:27:44","slug":"vladalac-politicka-biografija-aleksandra-vucica-drugi-dio","status":"publish","type":"post","link":"https:\/\/www.pcnen.com\/portal\/2020\/02\/20\/vladalac-politicka-biografija-aleksandra-vucica-drugi-dio\/","title":{"rendered":"\u2018Vladalac\u2019, politi\u010dka biografija Aleksandra Vu\u010di\u0107a (drugi dio)"},"content":{"rendered":"<p><iframe loading=\"lazy\" title=\"&quot;Vladalac&quot;, politi\u010dka biografija Aleksandra Vu\u010di\u0107a, drugi deo\" width=\"1080\" height=\"608\" src=\"https:\/\/www.youtube.com\/embed\/hI_IxYSz7Nw?feature=oembed\" frameborder=\"0\" allow=\"accelerometer; autoplay; clipboard-write; encrypted-media; gyroscope; picture-in-picture; web-share\" allowfullscreen><\/iframe><\/p>\n<p>&nbsp;<\/p>\n<p><a href=\"https:\/\/www.pcnen.com\/portal\/wp-admin\/post.php?post=284410&amp;action=edit\"><strong>Prvi dio<\/strong><\/a><\/p>\n<p>&nbsp;<\/p>\n","protected":false},"excerpt":{"rendered":"<p>Dvodjelni dokumentarni serijal \u201cVladalac\u201d, autorske ekipe koju \u010dine Slavi\u0161a Leki\u0107 (autor), Jovana S. Poli\u0107 (rediteljka) i Sanja Lon\u010dar (urednica), donosi pri\u010du o turbulentnoj politi\u010dkoj biografiji Aleksandra Vu\u010di\u0107a i godinama njegove, ne samo politi\u010dke, dominacije u Srbiji.<\/p>\n","protected":false},"author":1,"featured_media":0,"comment_status":"open","ping_status":"closed","sticky":false,"template":"","format":"standard","meta":{"_seopress_robots_primary_cat":"","_seopress_titles_title":"","_seopress_titles_desc":"","_seopress_robots_index":"","_et_pb_use_builder":"","_et_pb_old_content":"","_et_gb_content_width":"","inline_featured_image":false,"footnotes":""},"categories":[14,13],"tags":[],"class_list":["post-284520","post","type-post","status-publish","format-standard","hentry","category-vijesti","category-video"],"_links":{"self":[{"href":"https:\/\/www.pcnen.com\/portal\/wp-json\/wp\/v2\/posts\/284520","targetHints":{"allow":["GET"]}}],"collection":[{"href":"https:\/\/www.pcnen.com\/portal\/wp-json\/wp\/v2\/posts"}],"about":[{"href":"https:\/\/www.pcnen.com\/portal\/wp-json\/wp\/v2\/types\/post"}],"author":[{"embeddable":true,"href":"https:\/\/www.pcnen.com\/portal\/wp-json\/wp\/v2\/users\/1"}],"replies":[{"embeddable":true,"href":"https:\/\/www.pcnen.com\/portal\/wp-json\/wp\/v2\/comments?post=284520"}],"version-history":[{"count":3,"href":"https:\/\/www.pcnen.com\/portal\/wp-json\/wp\/v2\/posts\/284520\/revisions"}],"predecessor-version":[{"id":284523,"href":"https:\/\/www.pcnen.com\/portal\/wp-json\/wp\/v2\/posts\/284520\/revisions\/284523"}],"wp:attachment":[{"href":"https:\/\/www.pcnen.com\/portal\/wp-json\/wp\/v2\/media?parent=284520"}],"wp:term":[{"taxonomy":"category","embeddable":true,"href":"https:\/\/www.pcnen.com\/portal\/wp-json\/wp\/v2\/categories?post=284520"},{"taxonomy":"post_tag","embeddable":true,"href":"https:\/\/www.pcnen.com\/portal\/wp-json\/wp\/v2\/tags?post=284520"}],"curies":[{"name":"wp","href":"https:\/\/api.w.org\/{rel}","templated":true}]}}