{"id":284488,"date":"2020-02-19T23:54:36","date_gmt":"2020-02-19T22:54:36","guid":{"rendered":"https:\/\/www.pcnen.com\/portal\/?p=284488"},"modified":"2020-02-19T23:54:36","modified_gmt":"2020-02-19T22:54:36","slug":"aem-nijesmo-dali-nalog-da-se-iskljuci-signal-tv-budva","status":"publish","type":"post","link":"https:\/\/www.pcnen.com\/portal\/2020\/02\/19\/aem-nijesmo-dali-nalog-da-se-iskljuci-signal-tv-budva\/","title":{"rendered":"AEM: Nijesmo dali nalog da se isklju\u010di signal TV Budva"},"content":{"rendered":"<p>Agencija za elektronske medije je zvani\u010dno saop\u0161tili da je neta\u010dna informacija da je AEM dala nalog da se isklju\u010di signal TV Budva, kako je <a href=\"https:\/\/www.pcnen.com\/portal\/2020\/02\/19\/ugasen-kanal-rtv-budva\/\">ranije objavljeno na sajtu te TV.<\/a><\/p>\n<p>&#8220;Nadamo se da \u0107e se uskoro rije\u0161iti problem zbog kojeg je prekinut signal i da \u0107e se lokalnom javnom emiteru TV Budva omogu\u0107iti dostupnost putem signala operatora u kojima je do sada bila prisutna&#8221;, saop\u0161tili su iz AEM.<\/p>\n<p>Predsjednik Savjeta Agencije za elektronske medije Ranko Vujovi\u0107 kazao je Vijestima da Agencija nema tehni\u010dke mogu\u0107nosti da sama zamra\u010di neki kanal.<\/p>\n<p>On je rekao da signal Televizije Budva ide direktno ka kablovskim operaterima, te da je problem vjerovatno tehni\u010dke prirode.<\/p>\n<p>Direktor TV Budva Rade Taba\u0161 zahtijeva od AEM da utvrdi ko je odgovoran &#8220;za ovu vrstu medijskog mraka&#8221;.<\/p>\n<p>On je uputio i izvinjenje gostima ve\u010dera\u0161nje emisije, te poru\u010dio da \u0107e i nastaviti da javnost i gledaoce objektivno informi\u0161u o svim bitnim pitanjima.<\/p>\n<p>&#8220;Medijski mrak nam nije, niti \u0107e ikada biti ne\u0161to \u010dime \u0107emo se rukovoditi ve\u0107 naprotiv, informacije i objektivnost je ne\u0161to sa \u010dime \u0107emo se rukovoditi u daljem radu. Tra\u017eimo odogovor&#8221;, stoji u <a href=\"http:\/\/www.rtvbudva.me\/vijesti\/tabas-ko-je-odgovoran-za-medijski-mrak-na-tv-budva\/29104\">saop\u0161tenju direktora TV Budva<\/a>.<\/p>\n","protected":false},"excerpt":{"rendered":"<p>Signal Televizije Budva ide direktno ka kablovskim operaterima, te je problem vjerovatno tehni\u010dke prirode<\/p>\n","protected":false},"author":1,"featured_media":0,"comment_status":"open","ping_status":"closed","sticky":false,"template":"","format":"standard","meta":{"_seopress_robots_primary_cat":"","_seopress_titles_title":"","_seopress_titles_desc":"","_seopress_robots_index":"","_et_pb_use_builder":"","_et_pb_old_content":"","_et_gb_content_width":"","inline_featured_image":false,"footnotes":""},"categories":[14],"tags":[],"class_list":["post-284488","post","type-post","status-publish","format-standard","hentry","category-vijesti"],"_links":{"self":[{"href":"https:\/\/www.pcnen.com\/portal\/wp-json\/wp\/v2\/posts\/284488","targetHints":{"allow":["GET"]}}],"collection":[{"href":"https:\/\/www.pcnen.com\/portal\/wp-json\/wp\/v2\/posts"}],"about":[{"href":"https:\/\/www.pcnen.com\/portal\/wp-json\/wp\/v2\/types\/post"}],"author":[{"embeddable":true,"href":"https:\/\/www.pcnen.com\/portal\/wp-json\/wp\/v2\/users\/1"}],"replies":[{"embeddable":true,"href":"https:\/\/www.pcnen.com\/portal\/wp-json\/wp\/v2\/comments?post=284488"}],"version-history":[{"count":1,"href":"https:\/\/www.pcnen.com\/portal\/wp-json\/wp\/v2\/posts\/284488\/revisions"}],"predecessor-version":[{"id":284489,"href":"https:\/\/www.pcnen.com\/portal\/wp-json\/wp\/v2\/posts\/284488\/revisions\/284489"}],"wp:attachment":[{"href":"https:\/\/www.pcnen.com\/portal\/wp-json\/wp\/v2\/media?parent=284488"}],"wp:term":[{"taxonomy":"category","embeddable":true,"href":"https:\/\/www.pcnen.com\/portal\/wp-json\/wp\/v2\/categories?post=284488"},{"taxonomy":"post_tag","embeddable":true,"href":"https:\/\/www.pcnen.com\/portal\/wp-json\/wp\/v2\/tags?post=284488"}],"curies":[{"name":"wp","href":"https:\/\/api.w.org\/{rel}","templated":true}]}}