{"id":284481,"date":"2020-02-19T23:15:27","date_gmt":"2020-02-19T22:15:27","guid":{"rendered":"https:\/\/www.pcnen.com\/portal\/?p=284481"},"modified":"2020-02-19T23:37:54","modified_gmt":"2020-02-19T22:37:54","slug":"ugasen-kanal-rtv-budva","status":"publish","type":"post","link":"https:\/\/www.pcnen.com\/portal\/2020\/02\/19\/ugasen-kanal-rtv-budva\/","title":{"rendered":"Uga\u0161en kanal RTV Budva"},"content":{"rendered":"<p>Neposredno pred po\u010detak najavljene emisije &#8220;Problem&#8221; na kanalu RTV Budva u kojoj gostuje rektor Cetinjske bogoslovije protojerej-stavrofor Gojko Perovi\u0107 i poslanik Liberalne partije Andrija Popovi\u0107, do\u0161lo je do prekida programa.<\/p>\n<p>Kako nezvani\u010dno saznaje Radio Televizije Budva, Agencija za elektonske medije ukinula je televiziijski prenos operaterima M:tel i Crnogorski telekom.<\/p>\n<p>Redakcija Televizije Budva ve\u010deras je pred sami prenos emisije &#8220;Problem&#8221; primila veliki broj poruka od gra\u0111ana \u0161irom Crne Gore koji su se \u017ealili na problem prekida programa.<\/p>\n<p>\u201cRazlog prekida signala na\u0161e medijske ku\u0107e za sada nam nije poznat, emisiju mo\u017eete gledati putem na\u0161eg sajta rtvbudva.me kao i na <a href=\"https:\/\/www.youtube.com\/watch?v=8k4LKDRzDII\">na\u0161em youtube<\/a> kanalu\u201d, <a href=\"http:\/\/www.rtvbudva.me\/vijesti\/medijski-mrak-ugasen-kanal-radio-televizije-budva\/29102\">pi\u0161e na sajtu RTV Budva .<\/a><\/p>\n<p>&nbsp;<\/p>\n","protected":false},"excerpt":{"rendered":"<p>Gosti u emisiji su bili rektor Cetinjske bogoslovije protojerej-stavrofor Gojko Perovi\u0107 i poslanik Liberalne partije Andrija Popovi\u0107<\/p>\n","protected":false},"author":1,"featured_media":284483,"comment_status":"open","ping_status":"closed","sticky":false,"template":"","format":"standard","meta":{"_seopress_robots_primary_cat":"","_seopress_titles_title":"","_seopress_titles_desc":"","_seopress_robots_index":"","_et_pb_use_builder":"","_et_pb_old_content":"","_et_gb_content_width":"","inline_featured_image":false,"footnotes":""},"categories":[14],"tags":[],"class_list":["post-284481","post","type-post","status-publish","format-standard","has-post-thumbnail","hentry","category-vijesti"],"_links":{"self":[{"href":"https:\/\/www.pcnen.com\/portal\/wp-json\/wp\/v2\/posts\/284481","targetHints":{"allow":["GET"]}}],"collection":[{"href":"https:\/\/www.pcnen.com\/portal\/wp-json\/wp\/v2\/posts"}],"about":[{"href":"https:\/\/www.pcnen.com\/portal\/wp-json\/wp\/v2\/types\/post"}],"author":[{"embeddable":true,"href":"https:\/\/www.pcnen.com\/portal\/wp-json\/wp\/v2\/users\/1"}],"replies":[{"embeddable":true,"href":"https:\/\/www.pcnen.com\/portal\/wp-json\/wp\/v2\/comments?post=284481"}],"version-history":[{"count":5,"href":"https:\/\/www.pcnen.com\/portal\/wp-json\/wp\/v2\/posts\/284481\/revisions"}],"predecessor-version":[{"id":284487,"href":"https:\/\/www.pcnen.com\/portal\/wp-json\/wp\/v2\/posts\/284481\/revisions\/284487"}],"wp:featuredmedia":[{"embeddable":true,"href":"https:\/\/www.pcnen.com\/portal\/wp-json\/wp\/v2\/media\/284483"}],"wp:attachment":[{"href":"https:\/\/www.pcnen.com\/portal\/wp-json\/wp\/v2\/media?parent=284481"}],"wp:term":[{"taxonomy":"category","embeddable":true,"href":"https:\/\/www.pcnen.com\/portal\/wp-json\/wp\/v2\/categories?post=284481"},{"taxonomy":"post_tag","embeddable":true,"href":"https:\/\/www.pcnen.com\/portal\/wp-json\/wp\/v2\/tags?post=284481"}],"curies":[{"name":"wp","href":"https:\/\/api.w.org\/{rel}","templated":true}]}}