{"id":284410,"date":"2020-02-19T10:12:45","date_gmt":"2020-02-19T09:12:45","guid":{"rendered":"https:\/\/www.pcnen.com\/portal\/?p=284410"},"modified":"2020-02-18T23:14:11","modified_gmt":"2020-02-18T22:14:11","slug":"vladalac-politicka-biografija-aleksandra-vucica-prvi-dio","status":"publish","type":"post","link":"https:\/\/www.pcnen.com\/portal\/2020\/02\/19\/vladalac-politicka-biografija-aleksandra-vucica-prvi-dio\/","title":{"rendered":"\u2018Vladalac\u2019, politi\u010dka biografija Aleksandra Vu\u010di\u0107a (prvi dio)"},"content":{"rendered":"<p><iframe loading=\"lazy\" title=\"&quot;Vladalac&quot;, politi\u010dka biografija Aleksandra Vu\u010di\u0107a, prvi deo\" width=\"1080\" height=\"608\" src=\"https:\/\/www.youtube.com\/embed\/qxR6hWb_uW8?feature=oembed\" frameborder=\"0\" allow=\"accelerometer; autoplay; clipboard-write; encrypted-media; gyroscope; picture-in-picture; web-share\" allowfullscreen><\/iframe><\/p>\n<p>&nbsp;<\/p>\n<p>&nbsp;<\/p>\n","protected":false},"excerpt":{"rendered":"<p>Dvodjelni dokumentarni serijal &#8220;Vladalac&#8221;, autorske ekipe koju \u010dine Slavi\u0161a Leki\u0107 (autor), Jovana S. Poli\u0107 (rediteljka) i Sanja Lon\u010dar (urednica), donosi pri\u010du o turbulentnoj politi\u010dkoj biografiji Aleksandra Vu\u010di\u0107a i godinama njegove, ne samo politi\u010dke, dominacije u Srbiji.<\/p>\n","protected":false},"author":1,"featured_media":0,"comment_status":"open","ping_status":"closed","sticky":false,"template":"","format":"standard","meta":{"_seopress_robots_primary_cat":"","_seopress_titles_title":"","_seopress_titles_desc":"","_seopress_robots_index":"","_et_pb_use_builder":"","_et_pb_old_content":"","_et_gb_content_width":"","inline_featured_image":false,"footnotes":""},"categories":[13],"tags":[],"class_list":["post-284410","post","type-post","status-publish","format-standard","hentry","category-video"],"_links":{"self":[{"href":"https:\/\/www.pcnen.com\/portal\/wp-json\/wp\/v2\/posts\/284410","targetHints":{"allow":["GET"]}}],"collection":[{"href":"https:\/\/www.pcnen.com\/portal\/wp-json\/wp\/v2\/posts"}],"about":[{"href":"https:\/\/www.pcnen.com\/portal\/wp-json\/wp\/v2\/types\/post"}],"author":[{"embeddable":true,"href":"https:\/\/www.pcnen.com\/portal\/wp-json\/wp\/v2\/users\/1"}],"replies":[{"embeddable":true,"href":"https:\/\/www.pcnen.com\/portal\/wp-json\/wp\/v2\/comments?post=284410"}],"version-history":[{"count":1,"href":"https:\/\/www.pcnen.com\/portal\/wp-json\/wp\/v2\/posts\/284410\/revisions"}],"predecessor-version":[{"id":284411,"href":"https:\/\/www.pcnen.com\/portal\/wp-json\/wp\/v2\/posts\/284410\/revisions\/284411"}],"wp:attachment":[{"href":"https:\/\/www.pcnen.com\/portal\/wp-json\/wp\/v2\/media?parent=284410"}],"wp:term":[{"taxonomy":"category","embeddable":true,"href":"https:\/\/www.pcnen.com\/portal\/wp-json\/wp\/v2\/categories?post=284410"},{"taxonomy":"post_tag","embeddable":true,"href":"https:\/\/www.pcnen.com\/portal\/wp-json\/wp\/v2\/tags?post=284410"}],"curies":[{"name":"wp","href":"https:\/\/api.w.org\/{rel}","templated":true}]}}