{"id":284320,"date":"2020-02-17T19:19:10","date_gmt":"2020-02-17T18:19:10","guid":{"rendered":"https:\/\/www.pcnen.com\/portal\/?p=284320"},"modified":"2020-02-17T19:28:23","modified_gmt":"2020-02-17T18:28:23","slug":"medojevic-bilo-bi-lijepo-da-otac-gojko-odmori-glas","status":"publish","type":"post","link":"https:\/\/www.pcnen.com\/portal\/2020\/02\/17\/medojevic-bilo-bi-lijepo-da-otac-gojko-odmori-glas\/","title":{"rendered":"Medojevi\u0107: Bilo bi lijepo da otac Gojko odmori glas"},"content":{"rendered":"<p>Funkcioner Demokratskog fronta (DF) Neboj\u0161a Medojevi\u0107 je kazao da rektor Cetinjske bogoslovije Gojko Perovi\u0107 treba &#8220;malo da odmori glas i skoncentri\u0161e se prema DPS-u&#8221;.<\/p>\n<p>&#8220;Ova borba je slo\u017eena, opasna i te\u0161ka. I svako treba da radi svoj posao. Crkva svoj. Mi svoj. Mi njima ne dijelimo lekcije, pa bi bilo lijepo i da otac Gojko malo odmori glas i skoncentri\u0161e se prema DPS. To su neprijatelji Crkve i satanisti&#8221;, komentarisao je Medojevi\u0107 na Fejsbuku, prenosi portal Vijesti.<\/p>\n<p>Rektor Cetinjske bogoslovije <a href=\"https:\/\/www.pcnen.com\/portal\/2020\/02\/14\/perovic-ne-uredujte-nam-litije-i-ne-predlazite-nista-pred-kamerama\/\">Gojko Perovi\u0107 je poru\u010dio je pro\u0161log \u010detvrtka u Baru politi\u010darima iz opozicije<\/a> da &#8220;ne ure\u0111uju litije&#8221; i da ne iznose svoje predloge pred kamerama, ve\u0107 da, ako imaju \u0161ta da ka\u017eu, do\u0111u na jedan od skupova.<\/p>\n<p>&#8220;Politi\u010darima, opozicionarima &#8211; kumim vas Bogom, nemojte nam vi ure\u0111ivati ove litije. Stanite tu, budite sa nama, ni\u0161ta ne pozivajte, ni\u0161ta ne predla\u017eite pred kamerama i mikrofonima. Ako imate ne\u0161to kao brat i sestra, do\u0111ite, ka\u017eite&#8230; Ovo crkva vodi&#8221;, kazao je izme\u0111u ostalog Perovi\u0107, obra\u0107aju\u0107i se okupljenima ispred Sabornog hrama u Baru.<\/p>\n<p>Lideri Demokratskog fronta su vi\u0161e puta izlazili u javnost sa tezama da na protestima treba da se zahtijeva tehni\u010dka vlada.<\/p>\n<p>Lider DF-a<a href=\"https:\/\/www.pcnen.com\/portal\/2020\/02\/15\/mandic-nemamo-dilemu-ici-cemo-do-kraja\/\"> Andrija Mandi\u0107 je pro\u0161le nedjelje\u00a0 kazao<\/a> da gra\u0111ani koji protestuju protiv usvajanja Zakona o slobodi vjeroispovijesti treba da saop\u0161te koji je to dan do kada \u0107e \u010dekati da se Zakon povu\u010de.<\/p>\n<p>\u201cMislim da tog datuma treba svi da se okupimo u Podgorici i da sa ulice poru\u010dimo da se ne\u0107emo razilaziti dok se Zakon koji otima imovinu Srpske pravoslavne crkve, ne stavi van snage&#8221;, rekao je tada Mandi\u0107.<\/p>\n","protected":false},"excerpt":{"rendered":"<p>Mi njima ne dijelimo lekcije, pa bi bilo lijepo i da otac Gojko malo odmori glas i skoncentri\u0161e se prema DPS<\/p>\n","protected":false},"author":1,"featured_media":276113,"comment_status":"open","ping_status":"closed","sticky":false,"template":"","format":"standard","meta":{"_seopress_robots_primary_cat":"","_seopress_titles_title":"","_seopress_titles_desc":"","_seopress_robots_index":"","_et_pb_use_builder":"","_et_pb_old_content":"","_et_gb_content_width":"","inline_featured_image":false,"footnotes":""},"categories":[14],"tags":[],"class_list":["post-284320","post","type-post","status-publish","format-standard","has-post-thumbnail","hentry","category-vijesti"],"_links":{"self":[{"href":"https:\/\/www.pcnen.com\/portal\/wp-json\/wp\/v2\/posts\/284320","targetHints":{"allow":["GET"]}}],"collection":[{"href":"https:\/\/www.pcnen.com\/portal\/wp-json\/wp\/v2\/posts"}],"about":[{"href":"https:\/\/www.pcnen.com\/portal\/wp-json\/wp\/v2\/types\/post"}],"author":[{"embeddable":true,"href":"https:\/\/www.pcnen.com\/portal\/wp-json\/wp\/v2\/users\/1"}],"replies":[{"embeddable":true,"href":"https:\/\/www.pcnen.com\/portal\/wp-json\/wp\/v2\/comments?post=284320"}],"version-history":[{"count":4,"href":"https:\/\/www.pcnen.com\/portal\/wp-json\/wp\/v2\/posts\/284320\/revisions"}],"predecessor-version":[{"id":284324,"href":"https:\/\/www.pcnen.com\/portal\/wp-json\/wp\/v2\/posts\/284320\/revisions\/284324"}],"wp:featuredmedia":[{"embeddable":true,"href":"https:\/\/www.pcnen.com\/portal\/wp-json\/wp\/v2\/media\/276113"}],"wp:attachment":[{"href":"https:\/\/www.pcnen.com\/portal\/wp-json\/wp\/v2\/media?parent=284320"}],"wp:term":[{"taxonomy":"category","embeddable":true,"href":"https:\/\/www.pcnen.com\/portal\/wp-json\/wp\/v2\/categories?post=284320"},{"taxonomy":"post_tag","embeddable":true,"href":"https:\/\/www.pcnen.com\/portal\/wp-json\/wp\/v2\/tags?post=284320"}],"curies":[{"name":"wp","href":"https:\/\/api.w.org\/{rel}","templated":true}]}}