{"id":284156,"date":"2020-02-15T13:29:08","date_gmt":"2020-02-15T12:29:08","guid":{"rendered":"https:\/\/www.pcnen.com\/portal\/?p=284156"},"modified":"2020-02-15T13:34:44","modified_gmt":"2020-02-15T12:34:44","slug":"mandic-nemamo-dilemu-ici-cemo-do-kraja","status":"publish","type":"post","link":"https:\/\/www.pcnen.com\/portal\/2020\/02\/15\/mandic-nemamo-dilemu-ici-cemo-do-kraja\/","title":{"rendered":"Mandi\u0107: Nemamo dilemu, i\u0107i \u0107emo do kraja"},"content":{"rendered":"<p>Jedan od lidera opozicionog Demokratskog fronta u Crnoj Gori Andrija Mandi\u0107 je izjavio danas da je zahvalan svim ljudima koji su u ovim te\u0161kim vremena podr\u017eali istali rame uz rame sa srpskim narodom u Crnoj Gori i eparhijama, koje su dio Srpske pravoslavne crkve u toj dr\u017eavi.<\/p>\n<p>Mandi\u0107 je na zajedni\u010dkoj konferenciji za novinare nakon razgovora predsjednika Srbije, Aleksandra Vu\u010di\u0107a, sa Srbima iz regiona, izrazio zahvalnost i zadovoljstvo odnosom srpskog predsjednika i solidarno\u0161\u0107u prema problemu koji imaju Srbi u Crnoj Gori, <a href=\"http:\/\/www.politika.rs\/sr\/clanak\/447989\/Mandic-Nemamo-dilemu-ici-cemo-do-kraja\">prenosi portal Politike.<\/a><\/p>\n<p>Dana\u0161njem sastanku u Beogradu, kazao je Mandi\u0107, prisustvovao je, jer je pozvan kao dio srpskog naroda u Crnoj Gori, koji je pozvao na uzbunu zbog dono\u0161enja Zakona o slobodi veroispovesti.<\/p>\n<p>\u201eMi i na\u0161a Crkva pozvali smo na uzbunu i na\u0161 narod se odazvao. Zahvalan sam svima koji su u ovim te\u0161kim vremenima za dio srpskog naroda i eparhija, koje su dio SPC, stali sa nama zajedno rame uz rame\u201d, rekao je Mandi\u0107 i poru\u010dio da Srbi u Crnoj Gori nemaju dileme i da \u0107e svoju borbu nastaviti do kraja.<\/p>\n<p><a href=\"https:\/\/www.pcnen.com\/portal\/2020\/02\/14\/perovic-ne-uredujte-nam-litije-i-ne-predlazite-nista-pred-kamerama\/\"><strong><em>\u201cPoliti\u010darima, opozicionarima \u2013 kumim vas Bogom, nemojte nam vi ure\u0111ivati ove litije. Stanite tu, budite sa nama, ni\u0161ta ne pozivajte, ni\u0161ta ne predla\u017eite pred kamerama i mikrofonima. Ako imate ne\u0161to kao brat i sestra, do\u0111ite, ka\u017eite\u2026 Ovo crkva vodi\u201d, poru\u010dio je nedavno rektor Cetinjske bogoslovije Gojko Perovi\u0107.<\/em><\/strong><\/a><\/p>\n","protected":false},"excerpt":{"rendered":"<p>Mi i na\u0161a Crkva pozvali smo na uzbunu i na\u0161 narod se odazvao<\/p>\n","protected":false},"author":1,"featured_media":0,"comment_status":"open","ping_status":"closed","sticky":false,"template":"","format":"standard","meta":{"_seopress_robots_primary_cat":"","_seopress_titles_title":"","_seopress_titles_desc":"","_seopress_robots_index":"","_et_pb_use_builder":"","_et_pb_old_content":"","_et_gb_content_width":"","inline_featured_image":false,"footnotes":""},"categories":[14],"tags":[],"class_list":["post-284156","post","type-post","status-publish","format-standard","hentry","category-vijesti"],"_links":{"self":[{"href":"https:\/\/www.pcnen.com\/portal\/wp-json\/wp\/v2\/posts\/284156","targetHints":{"allow":["GET"]}}],"collection":[{"href":"https:\/\/www.pcnen.com\/portal\/wp-json\/wp\/v2\/posts"}],"about":[{"href":"https:\/\/www.pcnen.com\/portal\/wp-json\/wp\/v2\/types\/post"}],"author":[{"embeddable":true,"href":"https:\/\/www.pcnen.com\/portal\/wp-json\/wp\/v2\/users\/1"}],"replies":[{"embeddable":true,"href":"https:\/\/www.pcnen.com\/portal\/wp-json\/wp\/v2\/comments?post=284156"}],"version-history":[{"count":5,"href":"https:\/\/www.pcnen.com\/portal\/wp-json\/wp\/v2\/posts\/284156\/revisions"}],"predecessor-version":[{"id":284161,"href":"https:\/\/www.pcnen.com\/portal\/wp-json\/wp\/v2\/posts\/284156\/revisions\/284161"}],"wp:attachment":[{"href":"https:\/\/www.pcnen.com\/portal\/wp-json\/wp\/v2\/media?parent=284156"}],"wp:term":[{"taxonomy":"category","embeddable":true,"href":"https:\/\/www.pcnen.com\/portal\/wp-json\/wp\/v2\/categories?post=284156"},{"taxonomy":"post_tag","embeddable":true,"href":"https:\/\/www.pcnen.com\/portal\/wp-json\/wp\/v2\/tags?post=284156"}],"curies":[{"name":"wp","href":"https:\/\/api.w.org\/{rel}","templated":true}]}}