{"id":284083,"date":"2020-02-14T12:55:52","date_gmt":"2020-02-14T11:55:52","guid":{"rendered":"https:\/\/www.pcnen.com\/portal\/?p=284083"},"modified":"2020-02-14T13:09:03","modified_gmt":"2020-02-14T12:09:03","slug":"protesti-i-kako-dalje","status":"publish","type":"post","link":"https:\/\/www.pcnen.com\/portal\/2020\/02\/14\/protesti-i-kako-dalje\/","title":{"rendered":"Protesti i kako dalje?"},"content":{"rendered":"<div id=\"attachment_274646\" style=\"width: 590px\" class=\"wp-caption aligncenter\"><img loading=\"lazy\" decoding=\"async\" aria-describedby=\"caption-attachment-274646\" class=\"size-large wp-image-274646\" src=\"https:\/\/www.pcnen.com\/portal\/wp-content\/uploads\/2019\/09\/Odupri-se-580x398.jpg\" alt=\"\" width=\"580\" height=\"398\" srcset=\"https:\/\/www.pcnen.com\/portal\/wp-content\/uploads\/2019\/09\/Odupri-se-580x398.jpg 580w, https:\/\/www.pcnen.com\/portal\/wp-content\/uploads\/2019\/09\/Odupri-se-300x206.jpg 300w, https:\/\/www.pcnen.com\/portal\/wp-content\/uploads\/2019\/09\/Odupri-se.jpg 640w\" sizes=\"(max-width: 580px) 100vw, 580px\" \/><p id=\"caption-attachment-274646\" class=\"wp-caption-text\">Facebook, arhivski snimak<\/p><\/div>\n<p>Od februara pro\u0161le godine ne jenjavaju protesti u Crnoj Gori. Najprije je gra\u0111anski pokret &#8216;Odupri se&#8217; izveo do tada najve\u0107i broj gra\u0111ana na ulice, zatim je crkva zbog kontroverznog zakona o slobodi vjeroispovijesti izvela nezapam\u0107en broj vjernika i nezadovoljnika na protestne litije. Od februara pro\u0161le godine, institucije su nam u za\u0161titnim ogradama, okru\u017eene policijom. Institucije koje su potpuno uru\u0161ene i kojima slabo ko vjeruje.<\/p>\n<p>Za vrijeme gra\u0111anskih protesta, re\u017eim je upotrijebio kompletan propagandni i drugi arsenal optu\u017ebi protiv pokreta: strani pla\u0107enici, poku\u0161avaju da uru\u0161e institucije a time i dr\u017eavu, proteste finansira Istok tj. Rusija, iza protesta stoji opozicija i Demokratski front a gra\u0111ani koji se predstavljaju kao pokreta\u010di protesta su samo njihove lutke na koncu&#8230;<\/p>\n<p>Protesti &#8216;Odupri se&#8217; su, mo\u017eda, bili poslednja velika \u0161ansa da se upristoji ovo dru\u0161tvo. Stvorila se gra\u0111anska alternativa, nametnute podjele su eliminisane zbog na\u010dinja vo\u0111enja protesta, ali i zbog nacionalne strukture nosioca protesta. Oni su bili civilizovani i mirni, tra\u017eilo se upravo ono \u0161to najvi\u0161e ti\u0161ti gra\u0111ane, a ujedno \u00a0je prepreka na putu za ulazak u EU: odgovornost, vladavina prava, slobodne institucije i mediji, fer i po\u0161teni izbori.<\/p>\n<p>Na po\u010detku upla\u0161ena i uspani\u010dena vlast, optere\u0107ena korupciona\u0161kim aferama, konsolidovala se i ignorisala zahtjeve gra\u0111ana. Protesti su po\u010deli gubiti na masovnosti, \u0161to je dobro do\u0161lo ne samo re\u017eimu, nego i dijelu opozicije koja je to po profesiji. Svoj dio odgovornosti snosi i me\u0111unarodna zajednica, koja je, umjesto da otvoreno podr\u017ei gra\u0111ansku borbu za vladavinu prava, slobodne izbore i institucije &#8211; ostala po strani. Pobjeda koju je re\u017eim ostvario nad svojim gra\u0111anima ubrzo \u0107e se obiti o glavu svima, pa i re\u017eimu.<\/p>\n<p><img loading=\"lazy\" decoding=\"async\" class=\"aligncenter size-large wp-image-282303\" src=\"https:\/\/www.pcnen.com\/portal\/wp-content\/uploads\/2020\/01\/podgorica-litija-580x376.png\" alt=\"\" width=\"580\" height=\"376\" srcset=\"https:\/\/www.pcnen.com\/portal\/wp-content\/uploads\/2020\/01\/podgorica-litija-580x375.png 580w, https:\/\/www.pcnen.com\/portal\/wp-content\/uploads\/2020\/01\/podgorica-litija-300x195.png 300w, https:\/\/www.pcnen.com\/portal\/wp-content\/uploads\/2020\/01\/podgorica-litija-285x184.png 285w, https:\/\/www.pcnen.com\/portal\/wp-content\/uploads\/2020\/01\/podgorica-litija.png 640w\" sizes=\"(max-width: 580px) 100vw, 580px\" \/><\/p>\n<p>Krajem decembra, u ranim jutarnjim satima, pod ogromnim tenzijama, uz\u00a0 izre\u017eirani i kontrolisani \u201ehaos\u201c Demokratskog fronta u Skup\u0161tini, usvojen je kontroverzni Zakon o slobodi vjeroispovijesti kojim se na udaru na\u0161la SPC, njena imovina prije svega. Krenuli se najmasovniji protesti ikada odr\u017eani u Crnoj Gori. Ovaj put, Crkva je to uradila veoma pametno. Kopirala je proteste pokreta &#8216;Odupri se&#8217;, insistiraju\u0107i da oni budu mirni, bez zastava, partijskih i strana\u010dkih obelje\u017eja. Odmah se ogradila od ekstremnog Demokratskog fronta, koji je u protestima crkve vidio svoju \u0161ansu za ponovni uzlet, a koji je doprinio uru\u0161avanju gra\u0111anskih protesta. Kulminiralo je narodno nezadovoljstvo, te su se protestu Crkve i vjernika pridru\u017eile i mase nezadovoljnih, gnjevnih i obespravljenih gra\u0111ana.<\/p>\n<p>\u0110ukanovi\u0107, koji je o\u010digledno bio pokrovitelj Zakona se najzad preigrao. Jaka Crkva, sa autoritetom mitropolita Amfilohija, veoma dobro organizovana, nekad \u00a0ekstremizovana, uvela je \u201eu igru\u201c sve\u0161tenika Gojka Perovi\u0107a, koji je predstavio SPC u potpunom novom, ekumenskom i humanisti\u010dkom svijetlu. \u00a0I sam mitrpolit Amfilohije, poznat po svojim o\u0161trim i ne ba\u0161 hri\u0161\u0107anskim izjavama, ubla\u017eio je svoje nekada\u0161nje stavove. Re\u017eimska propaganda je kao papagaj po\u010dela da ponavlja optu\u017ebe koje je nepunu godinu dana ranije upotrebljavala protiv pokreta &#8216;Odupri se&#8217;: izdajnici, pla\u0107enici, Rusija, Srbija, ho\u0107e da sru\u0161e dr\u017eavu, iza protesta stoji opozicija i Demokratski front&#8230; Tzv. Javni servis i paradr\u017eavni mediji su, osim iste mantre, anga\u017eovali iste \u201eanaliti\u010dare\u201c i apana\u017ene intelaktualce u toj kampanji &#8211; kako doma\u0107e tako iz regiona, tako da je propaganda postala kontraproduktivna. Protesti Crkve traju ve\u0107 skoro dva mjeseca, masovnost se bitnije ne smanjuje, vlast je u panici i nema rje\u0161enje.<\/p>\n<h2><img loading=\"lazy\" decoding=\"async\" class=\"aligncenter size-large wp-image-283347\" src=\"https:\/\/www.pcnen.com\/portal\/wp-content\/uploads\/2020\/02\/milo-djukanovic-580x412.jpg\" alt=\"\" width=\"580\" height=\"412\" srcset=\"https:\/\/www.pcnen.com\/portal\/wp-content\/uploads\/2020\/02\/milo-djukanovic-580x412.jpg 580w, https:\/\/www.pcnen.com\/portal\/wp-content\/uploads\/2020\/02\/milo-djukanovic-300x213.jpg 300w, https:\/\/www.pcnen.com\/portal\/wp-content\/uploads\/2020\/02\/milo-djukanovic.jpg 640w\" sizes=\"(max-width: 580px) 100vw, 580px\" \/><\/h2>\n<p>\u0110ukanovi\u0107 je nesporno najuticajniji \u010dovjek u dr\u017eavi. On\u00a0 je i DPS, i institucije, i dr\u017eava. Markovi\u0107 je samo formalno predjednik vlade. Vlast je uvijek tamo \u0111e je \u0110ukanovi\u0107, bio on predjednik vlade, predsjednik dr\u017eave, ili samo predsjednik DPS-a. Svi znaju da je Zakon o slobodi vjeroispovijesti njegov naum, zamisao i djelo. \u0110ukanovi\u0107 je najve\u0107i \u201ebranitelj dr\u017eave\u201c. Oplja\u010dkao je i zadu\u017eio svu, njena dobra je podjelio sa u\u017eom rodbinom, prijateljima i kumovima. Brane\u0107i dr\u017eavu, on brani svoju imovinu. Ve\u0107ina gra\u0111ana to najzad vidi, tako da ta mantra o njemu kao braniocu dr\u017eave sve te\u017ee prolazi.<\/p>\n<p>SPC je najja\u010da institucija u dr\u017eavi, svi\u0111alo se to nekom ili ne. Previ\u0161e jaka za jedno sekularno dru\u0161tvo. Njenom jo\u0161 ve\u0107em ja\u010danju je doprinio ovakav Zakon, dakle upravo \u0110ukanovi\u0107, li\u010dno. Protestnim litijama se pridru\u017eio ogroman broj nezadovoljnih gra\u0111ana koji nijesu vjernici i nemaju direktne veze sa Crkvom. Ona \u0107e, normalno, to iskoristiti, i iz mase nezadovoljnih regrutovati nove vjernike ili po\u0161tovaoce. Tako \u0107e ionako prejaka Crkva, poslije ovog sukoba sa re\u017eimom, postati najja\u010di politi\u010dki faktor u dr\u017eavi. Nijedna zna\u010dajnija odluka, pogotovu u opoziciji, ne\u0107e se mo\u0107i donijeti bez amina Crkve. To dodatno ja\u010danje crkve \u0107e promijeniti, siguran sam, i sliku na popisu slede\u0107e godine. Broj nacionalnih Srba \u0107e porasti za nekoliko procenata. Tako je \u201ebranitelj dr\u017eave \u0110ukanovi\u0107\u201c na najboljem putu da bude njen fakti\u010dki grobar.<\/p>\n<h2 style=\"text-align: center\">Opozicija<\/h2>\n<p>Kao i kod protesta pokreta &#8216;Odupri se&#8217;, opozicija se nije sna\u0161la ni kod protestnih litija. Nijemo posmatra de\u0161avanja, tihuje ne znaju\u0107i kako da reaguje i \u0161ta da preduzme; sve ostale dru\u0161tvene probleme gurnula je u zape\u0107ak. Dio gra\u0111anske opozicije, prije svega onaj najja\u010di \u2013 a tu mislim na Demokrate &#8211; tiho flertuje sa Crkvom, pla\u0161e\u0107i se da preduzme bilo kakav konkretan potez i inicijativu. URA je u jo\u0161 nezavidnoj situaciji: predsjednik joj je Albanac, ne mali dio \u010dlanstva iz manjina, jezgro nacionalni Crnogorci koji nemaju ba\u0161 blagonaklonosti prema SPC i mitropolitu Amfilohiju. Demokratski front na sve na\u010dine je poku\u0161ao da pripi\u0161e crkvene proteste sebi, radikalizuje ih, te je najzad potpuno prozren i eliminisan: i od strane Crkve, i od strane ve\u0107ine svojih simpatizera. SDP ponovo \u017eeli da uhvati priklju\u010dak sa DPS-om i decidirano je za kontroverzni zakon o slobodi vjeroispovijesti. Ostali dio opozicije je na marginama. U njoj vi\u0161e niko ne pominje Sporazum o budu\u0107nosti koji su potpisali tokom protesta &#8216;Odupri se&#8217;, poku\u0161avaju\u0107i da pobjegnu od bojkota kao obaveze ako se ne ispune uslovi za fer i po\u0161tene izbore. U tome im poma\u017ee i najuticajniji medij, pre\u0161utkuju\u0107i tu temu, jer mu iz sopstvenih kalkulacija i interesa ne odgovara Vlada gra\u0111anskoj jedinstva u kojoj Markovi\u0107 ne bi mogao biti premijer.<\/p>\n<h2 style=\"text-align: center\">Manjine<\/h2>\n<p>U sukobu dr\u017eave i Crkve, manjine su na ledu. Crkva se bori da pridobije naklonost bar dijela manjina, prije svega Bo\u0161njaka-Muslimana, koji bi joj pru\u017eili podr\u0161ku u protestnim litijama ili bar zauzeli neutralan stav. To joj je potrebno radi odbrane od re\u017eimske propagande da su litije uperene protiv dr\u017eave i svih ostalih koji nijesu nacionalni Srbi. Zato mitropolit Amfilohije, za razliku od prije, \u0161alje veoma pomirljive i prijateljske poruke prema pripadnicima manjina. Re\u017eim kroz svoje mediji hu\u0161ka manjine protiv Crkve, podsje\u0107aju\u0107i na ranije izjave mitropolita Amfilohija, te prikazuju\u0107i i forsiraju\u0107i u medijima one situacije sa litija koje pripadnike manjina homogenizuju i pla\u0161e (pjevanje \u010detni\u010dkih pjesama, povike \u201eKosovo je Srbija\u201c&#8230;).<\/p>\n<p>Prepoznati DF-ovi botovi, svojim komentarima na portalima punih mr\u017enje i netolerancije, taj strah i homogenizaciju poja\u010davaju. U slu\u010daju radikalizacije, manjine bi postali kolateralna \u0161teta tih sukoba, a re\u017eim bi ih, pla\u0161im se, upotrijebio kao svoju pretorijansku gardu.<\/p>\n<p>D\u017eemal Perovi\u0107, Mirsad Kurga\u0161, moja malenkost i jo\u0161 par javno prepoznatih pripadnika manjina, principijelno daju \u00a0podr\u0161ku pravu Crkve na protest zbog usvajanja kontroverznog zakona o slobodi vjeroispovijesti.<\/p>\n<h2 style=\"text-align: center\">Rje\u0161enja<\/h2>\n<p>Situacija u Crnoj Gori je krajnje komplikovana i zapaljiva. Vlada i Crkva moraju na\u0107i kompromis. Niko u ovom sukobu ne\u0107e dozvoliti da bude potpno pora\u017een. Za vlast bi to zna\u010dilo siguran gubitak izbora, za Crkvu ru\u0161enje autoriteta i kredibiliteta. Ako bi Crkva postigla potpuno pobjedu, postali bi fakti\u010dki teokratska dr\u017eava u kojoj bi se Crkva pitala za sve. A ako bi pobijedila Vlada, nastao bi pravi stampedo bje\u017eanja iz zemlje, jer bi gra\u0111ani izgubili svaku nadu da su ovdje bilo kakve promjene uop\u0161te mogu\u0107e. Me\u0111unarodna zajednica je stoga du\u017ena da se hitno, na\u00a0 najvi\u0161em nivou uklju\u010di u rje\u0161avanje situacije u Crnoj Gori, kako ona ne bi izmakla kontroli i dodatno se radikalizovala. Ne samo po pitanju zakona o vjerskim slobodama, ve\u0107 i \u00a0po pitanju stvaranje uslova za fer i po\u0161tene izbore. U izbornoj smo godini, u cajtnotu sa vremenom, novog izbornog zakonodavstva nema, sve va\u017ene institucije su nam u VD stanju, ne postoji nikakav dijalog ni konsenzus oko izbora. Ako ne do\u0111e do stvaranja uslova za fer i po\u0161tene izbore, gra\u0111anima ostaje bojkot kao jedina solucija. A ako se odr\u017ee izbori po pravilima kao do sada, rezultati \u0107e stalno biti osporavani, politi\u010dka kriza samo produbljivati \u2013 dok ne pukne. Pukne, mo\u017eda i u bukvalnom smislu te rije\u010di!<\/p>\n<p>Poslije svih ovih de\u0161avanja, pitanje je da li Crna Gora kao gra\u0111anska dr\u017eava vi\u0161e uop\u0161te mo\u017ee za\u017eivjeti i opstati. A prije samo godinu dana, da je bilo prave reakcije opozicije i iskrene podr\u0161ke me\u0111unarodne zajednice dok su trajali gra\u0111anski protesti &#8216;Odupri se&#8217;, svega ovoga ne bi bilo.<\/p>\n","protected":false},"excerpt":{"rendered":"<p>Pi\u0161e: Omer \u0160ARKI\u0106<\/p>\n","protected":false},"author":12,"featured_media":0,"comment_status":"open","ping_status":"closed","sticky":false,"template":"","format":"standard","meta":{"_seopress_robots_primary_cat":"","_seopress_titles_title":"","_seopress_titles_desc":"","_seopress_robots_index":"","_et_pb_use_builder":"","_et_pb_old_content":"","_et_gb_content_width":"","inline_featured_image":false,"footnotes":""},"categories":[17],"tags":[],"class_list":["post-284083","post","type-post","status-publish","format-standard","hentry","category-blogovi"],"_links":{"self":[{"href":"https:\/\/www.pcnen.com\/portal\/wp-json\/wp\/v2\/posts\/284083","targetHints":{"allow":["GET"]}}],"collection":[{"href":"https:\/\/www.pcnen.com\/portal\/wp-json\/wp\/v2\/posts"}],"about":[{"href":"https:\/\/www.pcnen.com\/portal\/wp-json\/wp\/v2\/types\/post"}],"author":[{"embeddable":true,"href":"https:\/\/www.pcnen.com\/portal\/wp-json\/wp\/v2\/users\/12"}],"replies":[{"embeddable":true,"href":"https:\/\/www.pcnen.com\/portal\/wp-json\/wp\/v2\/comments?post=284083"}],"version-history":[{"count":5,"href":"https:\/\/www.pcnen.com\/portal\/wp-json\/wp\/v2\/posts\/284083\/revisions"}],"predecessor-version":[{"id":284094,"href":"https:\/\/www.pcnen.com\/portal\/wp-json\/wp\/v2\/posts\/284083\/revisions\/284094"}],"wp:attachment":[{"href":"https:\/\/www.pcnen.com\/portal\/wp-json\/wp\/v2\/media?parent=284083"}],"wp:term":[{"taxonomy":"category","embeddable":true,"href":"https:\/\/www.pcnen.com\/portal\/wp-json\/wp\/v2\/categories?post=284083"},{"taxonomy":"post_tag","embeddable":true,"href":"https:\/\/www.pcnen.com\/portal\/wp-json\/wp\/v2\/tags?post=284083"}],"curies":[{"name":"wp","href":"https:\/\/api.w.org\/{rel}","templated":true}]}}