{"id":284064,"date":"2020-02-14T06:23:33","date_gmt":"2020-02-14T05:23:33","guid":{"rendered":"https:\/\/www.pcnen.com\/portal\/?p=284064"},"modified":"2020-02-13T22:47:56","modified_gmt":"2020-02-13T21:47:56","slug":"rifresana-ekstremna-desnica-na-pragu-fotelja","status":"publish","type":"post","link":"https:\/\/www.pcnen.com\/portal\/2020\/02\/14\/rifresana-ekstremna-desnica-na-pragu-fotelja\/","title":{"rendered":"\u2018Rifre\u0161ana\u2019 ekstremna desnica na pragu fotelja"},"content":{"rendered":"<p><strong>Pi\u0161e: Irena Peji\u0107<\/strong><\/p>\n<p>Kako se izbori u Srbiji pribli\u017eavaju, postaje sve vidljivija i jasnija mogu\u0107nost ulaska ekstremne desnice u republi\u010dki ili lokalni parlament. Nepuna dva meseca pre zakazanih izbora, opozicija okupljena oko Saveza za Srbiju (neuspe\u0161no) re\u0161ava interna neslaganja oko najavljenog bojkota, vladaju\u0107a stranka aktivno vodi kampanju za izbore na svim nivoima, a organizacije i stranke ekstremne desnice jedne po jedne najavljuju izlazak na izbore na lokalu. Pored postoje\u0107e zvani\u010dne dr\u017eavne umerene desne politike, prostor na desnici se ve\u0107 neko vreme aktivno popunjava. Raniji nagove\u0161taji ukrupnjavanja i ja\u010danja ekstremno desnog pokreta u predizbornoj atmosferi \u010dini se kona\u010dno dobijaju svoj jasniji oblik.<\/p>\n<p>Ne ulaze\u0107i u diskusiju oko (ne)u\u010dinkovitosti bojkota kao na\u010dina politi\u010dke borbe, jasno je da neu\u010destvovanje dela opozicije na izborima i konstantno zbunjivanje glasa\u010da svakodnevnim kontradikcijama koje od opozicije dolaze, zajedno sa odlukom o smanjivanju cenzusa na 3%, ekstremnoj desnici \u0161irom otvara vrata za ulazak u mejnstrim politiku, a tu priliku oni o\u010dito ozbiljno misle da iskoriste. A onog momenta kada stranke ekstremne desnice u\u0111u u neki parlament, bilo lokalni, pokrajinski i\/ili republi\u010dki, one \u0107e dobiti priliku da dobiju ve\u0107a finansijska sredstva, lak\u0161e grade potrebnu infrastrukturu i dodatnu glasa\u010dku bazu. Ne samo da \u0107e (kako izgleda iz ove perspektive \u2013 vrlo mogu\u0107e) negde na lokalnom nivou i postati deo izvr\u0161ne vlasti ve\u0107 \u0107e i u\u0107i u institucije i dobiti priliku da sasvim legitimno donose odluke, grade dalje svoj legitimitet na osnovu \u201cvolje naroda koji ih je (iz)glasao\u201d i samo dodatno ja\u010daju.<\/p>\n<h2>Povratak \u201cFirera\u201d<\/h2>\n<p>Krenimo s pregledom situacije. Nakon pro\u0161logodi\u0161nje odluke Apelacionog suda i osloba\u0111aju\u0107e presude za izazivanje verske, rasne i nacionalne mr\u017enje zbog napada na antifa\u0161ist\u010dku \u0161etnju 2007. godine, vo\u0111a ustavno zabranjene neonacisti\u010dke organizacije Nacionalni stroj, Goran Davidovi\u0107, u javnosti poznatiji kao \u201cFirer\u201d, se nakon decenijskog skrivanja od srpskog pravosu\u0111a vratio u Srbiju i nagovestio mogu\u0107nost politi\u010dkog delovanja. \u0160ira javnost je za Davidovi\u0107a prvi put \u010dula u novembru 2005. godine, kada je predvodio aktiviste Nacionalnog stroja koji su upali na tribinu \u201cFa\u0161isti\u010dka pretnja\u201d, koja se odr\u017eavala na Filozofskom fakultetu u Novom Sadu povodom Me\u0111unarodnog dana akcije protiv fa\u0161izma.<\/p>\n<p>Dve godine kasnije ponovo ekipa Nacionalnog stroja, koju je tako\u0111e predvodio Davidovi\u0107, napala je u\u010desnike i u\u010desnice antifa\u0161isti\u010dkog skupa \u201cStop fa\u0161izmu\u201d u Novom Sadu. Za krivi\u010dno delo izazivanje nacionalne, rasne i verske mr\u017enje, i zbog fizi\u010dkog nasrtaja na u\u010desnike antifa\u0161isti\u010dkog mar\u0161a, Davidovi\u0107 je gonjen i prekr\u0161ajno i krivi\u010dno. On je 2007. pred prekr\u0161ajnim sudom odgovarao za kr\u0161enje javnog reda i mira tako \u0161to je \u201cvikao, galamio i nasilni\u010dki se pona\u0161ao\u201d, dok je u krivi\u010dnom postupku bio okrivljen zbog toga \u0161to je salutirao nacisti\u010dkim pozdravom, uzvikivao parole poput \u201cSrbija Srbima\u201d i \u201cUbij pedera\u201d, kao i zbog toga \u0161to je inicirao fizi\u010dki obra\u010dun kamenicama i fla\u0161ama, koji je okon\u010dan povredama \u010detiri osobe. Pored toga \u0161to je, potpuno nerazumljivo, Tu\u017eila\u0161tvo najpre pokrenulo prekr\u0161ajni postupak \u010dime je prakti\u010dno onemogu\u0107ilo da Davidovi\u0107 za navedena dela odgovara krivi\u010dno, jedan od paradoksalnijih podataka jeste i to da se u toku \u017ealbenog postupka Davidovi\u0107, optu\u017een za izazivanje rasne mr\u017enje pozivao na konvencije o ljudskim pravima, koja u teoriji i praksi otvoreno kr\u0161i i negira. Krivi\u010dni postupak, koji je trajao jedanaest godina, zavr\u0161io se bizarnim obrtom \u2013 nakon presude na godinu dana zatvorske kazne Vi\u0161eg suda u Novom Sadu, Apelacioni sud godinu dana kasnije poni\u0161tava tu presudu jer je nekada\u0161nji vo\u0111a neonacista za isto delo ve\u0107 prekr\u0161ajno \u2013 oslobo\u0111en.<\/p>\n<p>Upravo zbog brojnih incidenata, Ustavni sud je 2011. godine doneo odluku kojom je postojanje i delovanje Nacionalnog stroja zabranjeno. Tokom postupka sud je utvrdio da je Nacionalni stroj osnovan radi ostvarivanja ciljeva zabranjenih Ustavom \u2013 kr\u0161enja zagarantovanih ljudskih i manjinskih prava i izazivanja rasne i nacionalne mr\u017enje. Takav stav suda se temelji na Statutom i Programom proklamovanim ciljevima kojima se promovi\u0161u rasna i nacionalna nejednakost. Ilustracije radi, u statutu organizacije, dostupnim jo\u0161 uvek na sajtu foruma Stormfront, internacionalnog rasisiti\u010dkog foruma, stoji da je \u201ccilj Nacionalnog stroja o\u010duvanje i preporod zdravih vrednosti srpske nacije kao sastavnog dela bele rase i duhovni, umni napredak svakog pojedinca unutar na\u0161e nacije\u201d.<\/p>\n<p>(Ponovna) osloba\u0111aju\u0107a presuda Gorana Davidovi\u0107a dodatno je uznemirila deo javnosti, koja nije bila zadovoljna ni prvobitnom presudom Vi\u0161eg suda koji je svejedno izrekao minimalnu kaznu pozivaju\u0107i se na po\u0161tovanje na\u010dela Ne bis in idem (ne dva puta za isto). Apelacija je pozivanjem na isto na\u010delo prvobitnu presudu poni\u0161tila i Davidovi\u0107 se nakon jedanaest godina na\u0161ao na slobodi, na kojoj je sve vreme trajanja sudskog procesa i bio. Drugim re\u010dima, vo\u0111a ustavno zabranjene organizacije je i prekr\u0161ajno i krivi\u010dno gonjen za izazivanje nacionalne, verske, rasne mr\u017enje i netrepeljivosti i u oba postupka oslobo\u0111en. Danas, Davidovi\u0107 na pitanja da li je fa\u0161ista odgovara jednako nedvosmisleno: \u201cNisam fa\u0161ista, ja sam mo\u017eda ne\u0161to gore od toga\u201d.<\/p>\n<h2>Novi desni savezi<\/h2>\n<p>Desnica je u mejnstrim politici odavno jaka, kroz postojanje prvenstveno Srpske radikalne stranke (ali i drugih) koja je nosilac i promoter krajnje desnice ve\u0107 decenijama, no raniji nagove\u0161taji konkretnijeg politi\u010dkog delanja ekstremne desnice dobijaju svoj jasniji oblik. Od nekada\u0161njih omladinskih ekstremno desni\u010darskih grupa koje su prezirale parlamentarnu politiku i akcijale prete\u017eno na ulicama i tribinama, ovi, sada sredove\u010dni ljudi, sa nepromenjenim stavovima ulaze najpre u civilni sektor a sada i u parlamentarnu politiku, i to na velika vrata. Srpska desnica, predvo\u0111ena Mi\u0161om Vaci\u0107em ve\u0107 mesecima tr\u010di po Srbiji i osniva op\u0161tinske odbore, preti politi\u010dkim neistomi\u0161ljenicima, ali i ulazi u lokalne vlasti na izborima na koje glasa\u010di izlaze ili bivaju dovedeni.<\/p>\n<p>U me\u0111uvremenu je i pokret Levijatan najavio izlazak na izbore u petnaestak op\u0161tina. Njihova proklamovana prvobitna namera za\u0161tite \u017eivotinja je vremenom prerasla u ozbiljne politi\u010dke aspiracije. One su se razvile od inicijative za promenu Zakona o za\u0161titi \u017eivotinja kao i formiranja takozvane \u201cpolicije za \u017eivotinje\u201d koja bi postojala u okviru MUP-a kao posebno odeljenje do politi\u010dki ambiciozne organizacije \u010dije su osnove programa, kako ka\u017eu, za\u0161tita \u017eivotinja i neja\u010di. Ovaj pokret i njegovi predstavnici svakodnevno privla\u010de pa\u017enju po kontroverznim izjavama i \u201cuzimanjem pravde u svoje ruke\u201d u svojim obra\u010dunima sa Romima koji zlostavljaju \u017eivotinje ili tinejd\u017eerima koji preteraju u zezanju na velikom odmoru. Za\u0161titnici ma\u010doisti\u010dki proizvoljno shva\u0107ene neja\u010di prete\u0107im tonom seju strah objavama po dru\u0161tvenim mre\u017eama, i na osnovu svog humanitarnog rada za\u0161tite kuca i maca dobijaju pa\u017enju ali i podr\u0161ku javnosti. Kako najavljuju, ne planiraju koalicije ni sa kim.<\/p>\n<p>Sa druge strane Davidovi\u0107 u intervjuu koji je dao za portal Patriot ka\u017ee: \u201cU prijateljskim odnosima sam sa SRS, Obrazom koji je neaktivan, i sa Srpskom desnicom, ali i sa mnogim drugim poput Levijatana i Balternative.\u201c U prvih nedelju dana povezao se i sastan\u010dio sa vode\u0107im ljudima srpske konzervativne i ekstremno desni\u010darske scene: Jovanom Stojkovi\u0107 iz inicijative \u201c\u017divim za Srbiju\u201d, Mi\u0161om Vaci\u0107em, predsednikom Srpske desnice, pokretom Levijatan, a ka\u017ee i da ljudi koji dele njegova politi\u010dka uverenja ima i u Srpskoj radikalnoj stranci i pokretu Dosta je bilo.<\/p>\n<h2>Harizma koja se \u010dekala?<\/h2>\n<p>Tako je Davidovi\u0107, srazmerno \u017ertveni\u010dkom statusu politi\u010dkog izgnanika, po povratku dobio i veliki medijski prostor, od intervjua po desni\u010darskim portalima, do gostovanja u emisijama na televizijama sa nacionalnom frekvencijom. Iako negira navode medija da najavljuje politi\u010dko delovanje, Davidovi\u0107, ina\u010de \u010dlan i ideolog organizacije Nacionalni srpski front, u istom intervjuu ka\u017ee: \u201cVerovatno \u0107e se i\u0107i na neke lokalne izbore, ne verujem da \u0107emo imati novca i ljudstva da idemo na republi\u010dke izbore, osim ako se ne udru\u017eimo sa nekim. Ali obzirom na moju reputaciju i srpsku neslogu te\u0161ko \u0107e to i\u0107i.\u201d<\/p>\n<p>Ipak, u rodnom Novom Sadu bi mogao dobiti podr\u0161ku Srpske radikalne stranke, koja, sude\u0107i po objavama na zvani\u010dnom sajtu, najaktivniju kampanju upravo vodi u ovom gradu. Iako se po medijima \u0161pekuli\u0161e o tome da je Srpska desnica trojanski konj koju vladaju\u0107a stranka odr\u017eava kako bi se kontrolisali radikali Vojislava \u0160e\u0161elja, ne treba gubiti iz vida mogu\u0107nost da u\u010denici prevazi\u0111u u\u010ditelja. Jo\u0161 od \u0160e\u0161eljevog odlaska u Hag, njegov uticaj u politi\u010dkoj sferi i na ekstremnu desnicu slabi, \u0161to je i\u0161lo paralelno sa njihovom kratkotrajnom pacifikacijom. Davidovi\u0107 trenutno na desnoj sceni ba\u0161tini reputaciju politi\u010dkog izgnanika i kriti\u010dara biv\u0161ih ali i trenutne vlasti koja mu daje dodatni potencijal da, mo\u017eda, okupi razu\u0111enu bra\u0107u i uradi ono \u0161to je po svemu sude\u0107i Mi\u0161a Vaci\u0107 poku\u0161avao da izvede sve ove godine, \u0161to te\u0161ko da bi izveo \u010dak i da nije tako o\u010digledno u dosluhu sa vla\u0161\u0107u.<\/p>\n<p>Da li \u0107e ulazak ekstremne desnice u lokalne vlasti predvoditi Davidovi\u0107 ili netko drugi na kraju dana ostaje manje va\u017eno. U oba slu\u010daja desnica \u0107e dobiti autoritarnog vo\u0111u i harizmu koju je \u010dekala sve ove godine. Ovogodi\u0161nji izbori pokazuju su\u0161tinu dru\u0161tvene pat pozicije u kojoj ni vlast, niti opozicija ne samo da ne\u0107e uspeti da se izbore sa ekstremnom desnicom, nego je verovatniji scenario da \u0107e pratiti evropske primere ulaska sa njom u direktne koalicije. Ve\u0107em ja\u010danju ekstremne desnice se mo\u017ee suprotstaviti samo adekvatna leva alternativa koja \u0107e politike jednakosti sprovoditi dosledno.<\/p>\n<p><a href=\"https:\/\/www.bilten.org\/?p=31199\">Bilten<\/a><\/p>\n","protected":false},"excerpt":{"rendered":"<p>Povratak \u201cFirera\u201d, sve ve\u0107a medijska i politi\u010dka vidljivost Mi\u0161e Vaci\u0107a i Srpske desnice, daljnja politi\u010dka profilacija Levijatana: sve ovo upu\u0107uje na novu fazu u politi\u010dkom djelovanju srpske ekstremne desnice koja bi na predstoje\u0107im republi\u010dkim i lokalnim izborima mogla ostvariti zna\u010dajne rezultate<\/p>\n","protected":false},"author":1,"featured_media":284065,"comment_status":"open","ping_status":"closed","sticky":false,"template":"","format":"standard","meta":{"_seopress_robots_primary_cat":"","_seopress_titles_title":"","_seopress_titles_desc":"","_seopress_robots_index":"","_et_pb_use_builder":"","_et_pb_old_content":"","_et_gb_content_width":"","inline_featured_image":false,"footnotes":""},"categories":[5],"tags":[],"class_list":["post-284064","post","type-post","status-publish","format-standard","has-post-thumbnail","hentry","category-drugi-pisu"],"_links":{"self":[{"href":"https:\/\/www.pcnen.com\/portal\/wp-json\/wp\/v2\/posts\/284064","targetHints":{"allow":["GET"]}}],"collection":[{"href":"https:\/\/www.pcnen.com\/portal\/wp-json\/wp\/v2\/posts"}],"about":[{"href":"https:\/\/www.pcnen.com\/portal\/wp-json\/wp\/v2\/types\/post"}],"author":[{"embeddable":true,"href":"https:\/\/www.pcnen.com\/portal\/wp-json\/wp\/v2\/users\/1"}],"replies":[{"embeddable":true,"href":"https:\/\/www.pcnen.com\/portal\/wp-json\/wp\/v2\/comments?post=284064"}],"version-history":[{"count":2,"href":"https:\/\/www.pcnen.com\/portal\/wp-json\/wp\/v2\/posts\/284064\/revisions"}],"predecessor-version":[{"id":284067,"href":"https:\/\/www.pcnen.com\/portal\/wp-json\/wp\/v2\/posts\/284064\/revisions\/284067"}],"wp:featuredmedia":[{"embeddable":true,"href":"https:\/\/www.pcnen.com\/portal\/wp-json\/wp\/v2\/media\/284065"}],"wp:attachment":[{"href":"https:\/\/www.pcnen.com\/portal\/wp-json\/wp\/v2\/media?parent=284064"}],"wp:term":[{"taxonomy":"category","embeddable":true,"href":"https:\/\/www.pcnen.com\/portal\/wp-json\/wp\/v2\/categories?post=284064"},{"taxonomy":"post_tag","embeddable":true,"href":"https:\/\/www.pcnen.com\/portal\/wp-json\/wp\/v2\/tags?post=284064"}],"curies":[{"name":"wp","href":"https:\/\/api.w.org\/{rel}","templated":true}]}}