{"id":283594,"date":"2020-02-07T06:42:35","date_gmt":"2020-02-07T05:42:35","guid":{"rendered":"https:\/\/www.pcnen.com\/portal\/?p=283594"},"modified":"2020-02-07T07:46:28","modified_gmt":"2020-02-07T06:46:28","slug":"iz-pocetka-zasto-smo-protiv-vucica","status":"publish","type":"post","link":"https:\/\/www.pcnen.com\/portal\/2020\/02\/07\/iz-pocetka-zasto-smo-protiv-vucica\/","title":{"rendered":"Iz po\u010detka: Za\u0161to smo protiv Vu\u010di\u0107a?"},"content":{"rendered":"<p><strong>Pi\u0161e: Sne\u017eana \u010congradin<\/strong><\/p>\n<p>Postoji vi\u0161e pristupa ovom pitanju.<\/p>\n<p>Ako se krene od samog po\u010detka, protiv Aleksandra Vu\u010di\u0107a smo zato \u0161to je podr\u017eavao i inspirisao na ratne zlo\u010dine?<\/p>\n<p>Zbog toga \u0161to je bio \u201epotr\u010dko\u201c osu\u0111enog ratnog zlo\u010dinca Vojislava \u0160e\u0161elja tokom rata devedesetih.<\/p>\n<p>Zato \u0161to je pozivao gra\u0111ane Srbije na rat najpre u Hrvatskoj, pa u Bosni i na kraju na Kosovu.<\/p>\n<p>Zato \u0161to se pojavljivao na brdu iznad Sarajeva, tokom \u010detvorogodi\u0161nje opsade.<\/p>\n<p>Zato \u0161to je veli\u010dao zlo\u010dine i genocide i njihove direktne po\u010dinioce. Mo\u017eda zato \u0161to je pozivao na rat i ubistva kosovskih Alabanaca?<\/p>\n<p>Zato \u0161to je sopstvene gra\u0111ane slao u smrt ili u prilike i okolnosti u kojima postaju monstrumi, bezdu\u0161ni ratni zlo\u010dinci, pod komandom generala, svih redom osu\u0111enih u Ha\u0161kom tribunalu.<\/p>\n<p>Dalje, mo\u017eda smo protiv Aleksandra Vu\u010di\u0107a jer je od dvehiljadite pa do dolaska na vlast organizovao proteste podr\u0161ke najve\u0107im balkanskim krvnicima Ratku Mladi\u0107u i Radovanu Karad\u017ei\u0107u, predvodio horde huligana da ru\u0161e Beograd zbog osamostaljenja Kosova, Parade ponosa\u2026?<\/p>\n<p>Tako\u0111e, mo\u017eda nam dan danas smeta jer i dalje, u duhu ratno zlo\u010dina\u010dke politike, propagira govor mr\u017enje prema na\u0161im susedima?<\/p>\n<p>Ne? To nisu dovoljni razlozi?<\/p>\n<p>Zapravo, smeta nam \u0161to nam se \u010dini da \u0107e priznati kosovsku nezavisnost, iako mr\u017enja prema tim na\u0161im susedima izbija iz svake njegove re\u010di?<\/p>\n<p>Ili, ne smeta nam \u0161to je licemeran u odnosu na Republiku Srpsku i celovitosti dr\u017eave Bosne i Hercegovine, odnosno \u0161to nipoda\u0161tava \u017ertve genocida dovoljno, i \u0161to i dalje na tom prostoru propagira i opravdava genocidnu politiku prema Bo\u0161njacima?<\/p>\n<p>\u017deleli bismo da to radi mnogo ja\u010de i ubedljive?<\/p>\n<p>Zameramo mu nedovoljnost nacionalizma?<\/p>\n<p>U redu.<\/p>\n<p>To je ta borba koju protiv korumpiranog, nacionalisti\u010dkog i fa\u0161isti\u010dkog re\u017eima vode dve \u010dlanice najja\u010de opozicione grupacije \u2013 Saveza za Srbiju.<\/p>\n<p>Re\u010d je o Dverima i Narodnoj stranci Vuka Jeremi\u0107a.<\/p>\n<p>Za Dragana \u0110ilasa ne znamo ta\u010dno, jer se ne izja\u0161njava redovno i jasno kao malo\u010das navedena dva lidera \u2013 Bo\u0161ko Obradovi\u0107 i Vuk Jeremi\u0107.<\/p>\n<p>Mo\u017eda im je to taktika?<\/p>\n<p>Taktika za prisvajanje nacionalisti\u010dki opredeljenih glasa\u010da od Aleksandra Vu\u010di\u0107a?<\/p>\n<p>Malo otrovnog nacionalizma, od strane Obradovi\u0107a i Jeremi\u0107a, malo apsolutnog \u0107utanja u vezi sa tom temom \u2013 Dragana \u0110ilasa.<\/p>\n<p>Tako planiraju da pobede?<\/p>\n<p>Da zauzmu ve\u0107i deo bira\u010dkog tela? Bravo. Mo\u017eda i uspeju.<\/p>\n<p>Ali, kome to ide u prilog?<\/p>\n<p>Da li bi ga zbog otrovnog nacionalizma, ne samo danas, nego, pre svega, iz vremena kada je, recimo, Vuk Jeremi\u0107 bio ministar spoljnih poslova, kada je bio izbegavan na hodnicima institucija Evropske unije, trebalo poslati na smetli\u0161te politi\u010dkog delovanja u Srbiji?<\/p>\n<p>Pa, ne. Izgleda da mu je to me\u0111u opozicionim akterima i podr\u017eavaocima, zapravo, prednost.<\/p>\n<p>Jasno je da autorka ovih redova vi\u0161e \u201eceni\u201c doprinos lustraciji onih koji su direktno u\u010destvovali u ratnozlo\u010dina\u010dkoj propagandi i zlo\u010dinima, onih koji su gra\u0111ane moje zemlje stavili u najcrnju rupu i najdublji ponor vi\u0111en u novijoj istoriji Evrope.<\/p>\n<p>Ipak, gnu\u0161anje nad takozvanim \u201enovim\u201c politi\u010dkim liderima i opozicijom koja planira da zauzme vlast umesto portparola ratnog zlo\u010dina, korupcije i mr\u017enje, nije zanemarljivo.<\/p>\n<p>Volja je takva da, s obzirom na to da se nalazimo u tre\u0107oj deceniji 21. veka, nema ni vremena ni raspolo\u017eenja za nacionalisti\u010dku politiku Jeremi\u0107a i Obradovi\u0107a.<\/p>\n<p>Ko jo\u0161 mo\u017ee da potvrdi i razume nacionalisti\u010dku platformu s kraja pro\u0161log veka i glasa za nju?<\/p>\n<p>Samo narod kojem se zastupnici takve politike ili podsmevaju, ili potpuno nesvesno, iskreno zastupaju.<\/p>\n<p>Zaista, ne znam \u0161ta je od ta dva ishoda gore.<\/p>\n<p><a href=\"https:\/\/www.danas.rs\/kolumna\/snezana-congradin\/iz-pocetka-zasto-smo-protiv-vucica\/\">Danas<\/a><\/p>\n","protected":false},"excerpt":{"rendered":"<p>Zapravo, smeta nam \u0161to nam se \u010dini da \u0107e priznati kosovsku nezavisnost, iako mr\u017enja prema tim na\u0161im susedima izbija iz svake njegove re\u010di?<\/p>\n","protected":false},"author":1,"featured_media":280408,"comment_status":"open","ping_status":"closed","sticky":false,"template":"","format":"standard","meta":{"_seopress_robots_primary_cat":"","_seopress_titles_title":"","_seopress_titles_desc":"","_seopress_robots_index":"","_et_pb_use_builder":"","_et_pb_old_content":"","_et_gb_content_width":"","inline_featured_image":false,"footnotes":""},"categories":[5],"tags":[],"class_list":["post-283594","post","type-post","status-publish","format-standard","has-post-thumbnail","hentry","category-drugi-pisu"],"_links":{"self":[{"href":"https:\/\/www.pcnen.com\/portal\/wp-json\/wp\/v2\/posts\/283594","targetHints":{"allow":["GET"]}}],"collection":[{"href":"https:\/\/www.pcnen.com\/portal\/wp-json\/wp\/v2\/posts"}],"about":[{"href":"https:\/\/www.pcnen.com\/portal\/wp-json\/wp\/v2\/types\/post"}],"author":[{"embeddable":true,"href":"https:\/\/www.pcnen.com\/portal\/wp-json\/wp\/v2\/users\/1"}],"replies":[{"embeddable":true,"href":"https:\/\/www.pcnen.com\/portal\/wp-json\/wp\/v2\/comments?post=283594"}],"version-history":[{"count":1,"href":"https:\/\/www.pcnen.com\/portal\/wp-json\/wp\/v2\/posts\/283594\/revisions"}],"predecessor-version":[{"id":283595,"href":"https:\/\/www.pcnen.com\/portal\/wp-json\/wp\/v2\/posts\/283594\/revisions\/283595"}],"wp:featuredmedia":[{"embeddable":true,"href":"https:\/\/www.pcnen.com\/portal\/wp-json\/wp\/v2\/media\/280408"}],"wp:attachment":[{"href":"https:\/\/www.pcnen.com\/portal\/wp-json\/wp\/v2\/media?parent=283594"}],"wp:term":[{"taxonomy":"category","embeddable":true,"href":"https:\/\/www.pcnen.com\/portal\/wp-json\/wp\/v2\/categories?post=283594"},{"taxonomy":"post_tag","embeddable":true,"href":"https:\/\/www.pcnen.com\/portal\/wp-json\/wp\/v2\/tags?post=283594"}],"curies":[{"name":"wp","href":"https:\/\/api.w.org\/{rel}","templated":true}]}}