{"id":283394,"date":"2020-02-04T09:52:46","date_gmt":"2020-02-04T08:52:46","guid":{"rendered":"https:\/\/www.pcnen.com\/portal\/?p=283394"},"modified":"2020-02-04T10:10:40","modified_gmt":"2020-02-04T09:10:40","slug":"budne-oce-df-ovih-vjernika","status":"publish","type":"post","link":"https:\/\/www.pcnen.com\/portal\/2020\/02\/04\/budne-oce-df-ovih-vjernika\/","title":{"rendered":"Budne o\u010di DF-ovih vjernika"},"content":{"rendered":"<p>Karakteristika vjernika je da su blagi, da nemaju mr\u017enje prema bilo kome, da se slu\u017ee istinom i samo istinom. Ona im je iznad svega. Ogovaranja, podmetanja i la\u017e su im strane. Tako ih u\u010di Biblija i Kuran. Gra\u0111ani Crne Gore su, pokazuju doga\u0111aji, ba\u0161 veliki i pravi vjernici. Pored vjere u Boga, svjedoci smo, karakteri\u0161u ih navedene osobine. Vjernici u Crnoj Gori, artikuli\u0161u svoje vjerovanje i kroz politi\u010dke partije. Tako su u Bo\u0161nja\u010dkoj stranci svi vjernici, poste Ramazan, klanjaju pet vakata namaza, istina im je ispred svega \u2013 poginuli bi za nju. Jedini ve\u0107i vjernici od njih su oni koji su u Demokratskom frontu. To su Hristovi vojnici koji ginu za vjeru, istinu i \u00a0pravdu. Blagost i tolerancija prosto odi\u0161u iz svake njihove \u00a0izjave i nastupa, a intrige i podmetanja su im potpuno strani.<\/p>\n<p>I ja sam vjernik. Ali ne onaj potpuni i pravi, jer nijesam toliko savr\u0161en. Poku\u0161avam da ne la\u017eem, ne podme\u0107em, ne mrzim. Koliko u tome uspijevam, pitanje je. Izleti mi ponekad ru\u017ena rije\u010d, znam biti ohol i prznica, iako znam da to nije dobro, koliko zbog zbog vjere, toliko zbog drugih ljudi i sebe samog. Uz to, ne postim Ramazan i ne klanjam pet vakata namaza, ne idem u d\u017eamiju. Vjerujem u Allaha na neki svoj, nesavr\u0161en na\u010din.<\/p>\n<p>Posliije \u201eafere\u201c oko crtanja trobojki u\u010denika u Baru i disciplinskog ka\u017enjavanja u\u010diteljice koja im je dala taj zadatak, oglasila se sama u\u010diteljica, tvrde\u0107i da nije imala nikakvu lo\u0161u namjeru, da je dugogodi\u0161nji \u010dlan DPS-a za kojeg redovno glasa, a i oni je uvijek podsjete na tu njenu \u201egra\u0111ansku obavezu\u201c.<\/p>\n<p>Ispod posta mog fb prijatelja, nacionalnog Srbina (eto i to se mora nagla\u0161avati kod nas), koji je prenio tu njenu izjavu, konstatuju\u0107i da ona i nije ba\u0161 onakav heroj, srpski patriota i opozicionarka, kakvom su je uzdizali prethodnog dana &#8211; \u010dim je dugogodi\u0161nji \u010dlan DPS-a, ostavio sam slede\u0107i komentar u njenu \u201eodbranu\u201c:<\/p>\n<p>\u201eI \u0161to je tu stra\u0161no? I ja sam \u010dlan DPS-a od 1997. a stalno sam na neke proteste, jer \u017eelim da se DPS mijenja na bolje. Nema savr\u0161ene partije, pa ni DPS to nije. Ali se stalno popravlja. Za razliku od gospo\u0111e Vi\u0161nji\u0107, mene ne pozivaju na glasanje. Imaju puno povjerenje u mene i znaju da je moj glas siguran.\u201c<\/p>\n<p><img loading=\"lazy\" decoding=\"async\" class=\"aligncenter size-full wp-image-283398\" src=\"https:\/\/www.pcnen.com\/portal\/wp-content\/uploads\/2020\/02\/objava.jpg\" alt=\"\" width=\"400\" height=\"356\" srcset=\"https:\/\/www.pcnen.com\/portal\/wp-content\/uploads\/2020\/02\/objava.jpg 400w, https:\/\/www.pcnen.com\/portal\/wp-content\/uploads\/2020\/02\/objava-300x267.jpg 300w\" sizes=\"(max-width: 400px) 100vw, 400px\" \/><\/p>\n<p>De\u017eurni DF-ovi vjernici, uvijek blage rije\u010di i nikad skloni podmetanjima, a natprosje\u010dne intelegencije, bili su zgranuti saznanjem da sam \u010dlan DPS od 1997. godine. Skrin\u0161otovali su pomenuti komentar, po\u010deli ga djeliti na dru\u0161tvenim mre\u017eama, otkriv\u0161i jo\u0161 jednu zavjeru i zavjerenika. Sa vjerom u Boga, komentarisali su to novo \u201esaznanje\u201c \u00a0re\u010dnikom i epitetima \u00a0po kojem su poznati i prepoznati, onim kakav &#8220;prili\u010di&#8221; vjernicima kakvim se predstavljaju. U mom komentaru, normalno, nijesu vidjeli nikakvu ironiju. Ili mo\u017eda jesu, ali&#8230;?<\/p>\n<p>Sada kada su razotkrili ko sam i \u0161to sam, a znaju\u0107i njihovu principijelnost, siguran sam da \u0107e tra\u017eiti hitnu i neopozivu ostavku kompletnog rukovodstva Demokratskog fronta. Jer, o\u010digledno su zaboravili da sam bio izabran za njihovog odbornika u Skup\u0161tini Glavnog grada u pro\u0161lom sazivu. Dakle, DF je \u010dlana DPS-a od 1997. godine predlo\u017eio za odbornika u gradskoj Skup\u0161tini kao nestrana\u010dku li\u010dnost, \u0161to je, prizna\u0107ete, neoprostiv previd i gre\u0161ka, za koju njihovi \u010delnici moraju snositi politi\u010dku odgovornost. I kompletno \u00a0rukovodstvo DPS je obavezno da podnese ostavku jer je njihov \u010dlan od 1997. godine bio odbornik \u201enajlju\u0107eg protivnika\u201c DF-a.<\/p>\n<p>Moje \u201e\u010dlanstvo\u201c u DPS-u bi u tom slu\u010daju bio spas za sve nas. Crna Gora bi bila oslobo\u0111enja decenijskih okova koji su nam nametnuli jedni i drugi. S tim da su gra\u0111ani, \u010dini mi se, najzad prozreli da ne bi bilo ni\u0161ta neobi\u010dno i iznena\u0111uju\u0107e da neki \u010dlan DPS bude odbornik DF-a, ili obratno!<\/p>\n","protected":false},"excerpt":{"rendered":"<p>Pi\u0161e: Omer \u0160ARKI\u0106<\/p>\n","protected":false},"author":12,"featured_media":0,"comment_status":"open","ping_status":"closed","sticky":false,"template":"","format":"standard","meta":{"_seopress_robots_primary_cat":"","_seopress_titles_title":"","_seopress_titles_desc":"","_seopress_robots_index":"","_et_pb_use_builder":"","_et_pb_old_content":"","_et_gb_content_width":"","inline_featured_image":false,"footnotes":""},"categories":[17],"tags":[],"class_list":["post-283394","post","type-post","status-publish","format-standard","hentry","category-blogovi"],"_links":{"self":[{"href":"https:\/\/www.pcnen.com\/portal\/wp-json\/wp\/v2\/posts\/283394","targetHints":{"allow":["GET"]}}],"collection":[{"href":"https:\/\/www.pcnen.com\/portal\/wp-json\/wp\/v2\/posts"}],"about":[{"href":"https:\/\/www.pcnen.com\/portal\/wp-json\/wp\/v2\/types\/post"}],"author":[{"embeddable":true,"href":"https:\/\/www.pcnen.com\/portal\/wp-json\/wp\/v2\/users\/12"}],"replies":[{"embeddable":true,"href":"https:\/\/www.pcnen.com\/portal\/wp-json\/wp\/v2\/comments?post=283394"}],"version-history":[{"count":7,"href":"https:\/\/www.pcnen.com\/portal\/wp-json\/wp\/v2\/posts\/283394\/revisions"}],"predecessor-version":[{"id":283403,"href":"https:\/\/www.pcnen.com\/portal\/wp-json\/wp\/v2\/posts\/283394\/revisions\/283403"}],"wp:attachment":[{"href":"https:\/\/www.pcnen.com\/portal\/wp-json\/wp\/v2\/media?parent=283394"}],"wp:term":[{"taxonomy":"category","embeddable":true,"href":"https:\/\/www.pcnen.com\/portal\/wp-json\/wp\/v2\/categories?post=283394"},{"taxonomy":"post_tag","embeddable":true,"href":"https:\/\/www.pcnen.com\/portal\/wp-json\/wp\/v2\/tags?post=283394"}],"curies":[{"name":"wp","href":"https:\/\/api.w.org\/{rel}","templated":true}]}}