{"id":283322,"date":"2020-02-03T07:47:46","date_gmt":"2020-02-03T06:47:46","guid":{"rendered":"https:\/\/www.pcnen.com\/portal\/?p=283322"},"modified":"2020-02-03T07:47:46","modified_gmt":"2020-02-03T06:47:46","slug":"trostruke-lazi","status":"publish","type":"post","link":"https:\/\/www.pcnen.com\/portal\/2020\/02\/03\/trostruke-lazi\/","title":{"rendered":"Trostruke la\u017ei"},"content":{"rendered":"<p><strong>Autor: Igor Lasi\u0107<\/strong><\/p>\n<p>Svake godine u ovo doba evociramo holokaust, a ba\u0161 ove je navr\u0161eno 75 godina otkako je Crvena armija oslobodila Auschwitz-Birkenau i ono malo pre\u017eivjelih logora\u0161a, \u017didova i ostalih, u tome najve\u0107em nacisti\u010dkom logoru smrti. Ali ne\u0107emo i ovim \u010dlankom nizati brojeve i ostale generalije u koje su se pretvorili tako oduzeti ljudski \u017eivoti. \u0160irom kontinenta odr\u017eavaju se memorijalni skupovi u to ime, pa \u0107emo se radije nadovezati na jedan ovda\u0161nji. Jer u okviru zagreba\u010dkog okupljanja na Trgu \u017ertava fa\u0161izma tim povodom se moglo \u010duti ne\u0161to jako zna\u010dajno o karakteru doma\u0107eg genocida u Drugom svjetskom ratu, onoga koji su izveli usta\u0161e.<\/p>\n<p>Konkretna tema bio je spomenik \u017ertvama holokausta koji ve\u0107 neko vrijeme planira izgraditi vlast Grada Zagreba. Projekt je otpo\u010detka sporan jer zapravo svodi zlo\u010din na pomalo apstraktnu pojavu \u010diji se epicentar zadesio negdje podaleko odavde, dok usta\u0161ki prilog tome ostaje u sjeni. No ipak je Nezavisna Dr\u017eava Hrvatska do\u0161la glave pribli\u017eno polovini \u017didova na svojoj teritoriji, dok je gotovo sve ostale uspjela efikasno deportirati u razne prekograni\u010dne logore. Srba je poubijala u znatno ve\u0107em apsolutnom iznosu, a Roma svakako u relativnom, ako jo\u0161 ima smisla ikakvo sli\u010dno odmjeravanje. I to je ta istina koja bi vje\u0161to projektiranim spomenikom trebala ostati neizre\u010dena, zbog \u010dega je u Hrvatskoj zabilje\u017een ve\u0107 i navodni svjetski presedan slu\u017ebenog, institucionalnog \u017eidovskog protivljenja jednom spomeniku \u017ertvama holokausta.<\/p>\n<p>Revizionizam te sorte nije se mogao dogoditi bez \u0161ireg srodnog konteksta koji bi imao poslu\u017eiti kao politi\u010dki postament memorijalnoj plastici ispred zagreba\u010dkog Glavnog kolodvora. Ne godinama, nego do danas ve\u0107 desetlje\u0107ima svjedo\u010dimo razli\u010ditim pojedina\u010dnim primjerima te politike filousta\u0161kog i\u017eivljavanja nad \u017ertvama. A ni\u0161ta manje i nad \u017eivim potencijalnim metama me\u0111u koje se i sad ubrajaju neko\u0107 nasmrt proganjane nacionalne i vjerske manjine te, kako se to obi\u010dava kazati, Hrvati antifa\u0161isti. Od ru\u0161enja i brisanja tisu\u0107a antifa\u0161isti\u010dkih obilje\u017eja do legalizacije javne upotrebe usta\u0161kog pozdrava \u2018Za dom \u2013 spremni!\u2019 ili od eksplicitnih negacija zlo\u010dina do financiranja kojekakvih revizionisti\u010dkih projekata u tom smjeru, primjeri su upravo bezbrojni.<\/p>\n<p>Izdvojit \u0107emo za ovu priliku jedan novijeg datuma, a koji je pro\u0161ao donekle ispod radara nekolicine de\u017eurnih kroni\u010dara zabrinutih oko takvog procesa. Na istom dubioznom tragu inicijative za spomenik \u017ertvama holokausta osmi\u0161ljen je u Zagrebu prije nekoliko godina i Memorijalni centar \u017ertava totalitaristi\u010dkih re\u017eima. Krajem pro\u0161le godine, me\u0111utim, Grad Zagreb izdvojio je po\u010detna sredstva za njegovu realizaciju \u2013 100 tisu\u0107a kuna. Svota usmjerena preko Gradskog ureda za kulturu pod vo\u0111enjem Milane Vukovi\u0107 Runji\u0107 dostajat \u0107e za izradu pripremne dokumentacije i ostale uvodne korake. Ali, \u0161to je zna\u010dajnije, i za o\u010dekivano pove\u0107anje projektnog bud\u017eeta iz iste gradske blagajne u najskorije vrijeme, jer najavljeni rok otvaranja tog muzeja jest ve\u0107 svibanj ove godine.<\/p>\n<p>Dok idu\u0107i put budemo slavili obljetnice davnih majskih pobjeda na\u0161ih partizana nad nacizmom i doma\u0107im fa\u0161izmom, mogli bismo se tako suo\u010diti ne samo s ve\u0107 standardnim poricanjima njihove neusporedive pozitivne vrijednosti. Kako bi muzej trebao izgledati, pak, mogu\u0107e je pretpostaviti zahvaljuju\u0107i podatku da je jedini ranije spominjan vanjski suradni\u010dki subjekt na tom projektu \u2013 Hrvatsko dru\u0161tvo politi\u010dkih zatvorenika. Udruga je to \u010diji su \u010dlanovi u doba socijalisti\u010dke Jugoslavije robijali kao protivnici re\u017eima, nacionalisti i antikomunisti. Nigdje jo\u0161 nije navedeno koji bi znanstveni autoriteti dali obol kreiranju muzejske ustanove kakva nominalno mora iskazati pijetet doma\u0107im \u017ertvama jednako fa\u0161izma i komunizma. A nipo\u0161to tek zbog navedenog izvo\u0111a\u010da radova i njegovih dosada\u0161njih istupa, prognoziramo da ni anga\u017eirani povjesni\u010dari ne\u0107e biti distancirani od iste pozicije svrstavanja komunisti\u010dke ideologije uz fa\u0161isti\u010dku i nacisti\u010dku. Posrijedi je ve\u0107 znana tendencija aktualnih isto\u010dnoeuropskih vlasti, uz klju\u010dno mentorstvo zapada Europe, k prokazivanju komunizma kao generalno negativne politi\u010dke orijentacije, a hrvatskom ina\u010dicom fa\u0161izma se taj projekt ne\u0107e ozbiljno ni baviti.<\/p>\n<p>Fa\u0161izam, retu\u0161iranju usta\u0161kog re\u017eima usprkos, uglavnom je ve\u0107 nepovratno prepoznat kao neprihvatljiv, no njegova \u0107e problemati\u010dnost biti proporcionalno ubla\u017eena iskrivljavanjem komunisti\u010dke uloge u historiji. Sljepa\u010dki bi bilo u tome ne uo\u010diti globalnu reakcionarnu nakanu obezvre\u0111ivanja svih ekonomsko-politi\u010dkih, egalitaristi\u010dkih i socijalnih vrijednosti koje zastupa komunizam. Ta je struja motivirana prvenstveno sada\u0161njim nabujalim dru\u0161tvenim napetostima uzrokovanim kapitalisti\u010dkim nepravdama. One se, dakako, i dalje uspje\u0161no maskiraju kao netotalitaristi\u010dke, skrivaju\u0107i se iza, dodu\u0161e, sve otrcanije krinke liberalne ili parlamentarne demokracije. Pritom nas osobito brine \u010dinjenica da je ba\u0161 takav sporazum izme\u0111u kapitalizma i fa\u0161izma te nacizma prethodio zlo\u010dinu opisanom na po\u010detku ovog teksta.<\/p>\n<p>Ako te sada dominantne politike uznapreduju do jo\u0161 potpunije prevlasti u praksi, prve \u0107e nastradati iste etni\u010dke grupacije kao i onomad, uz izbjeglice s drugih kontinenata kao novu ciljanu skupinu. Zatim i Hrvati antifa\u0161isti, historijski predvo\u0111eni komunistima, mada mo\u017ee i bez njih \u2013 jer danas gotovo da ih i nema \u2013 osim \u0161to bez takvog vodstva u Drugom svjetskom ratu nije bilo mogu\u0107e ra\u010dunati na ukupnu pobjedu protiv sila Osovine. Perspektiva marketin\u0161kog projekta Grada Zagreba i gradona\u010delnika Milana Bandi\u0107a, u izvedbi HDPZ-a, biva tako do krajnosti o\u010dita i zlokobna.<\/p>\n<p>Ipak, nemojmo sve tovariti na lokalne vlasti i jednu opskurnu udrugu koja u trenu alociranja onih 100 tisu\u0107a javnih kuna nije raspolagala ni valjanom telefonskom linijom ili e-mail adresom. \u0160iri spomenuti kontekst odnosi se na dr\u017eavnu vlast s HDZ-om na \u010delu, i na njegove relacije prema usta\u0161tvu. Ina\u010de, u zadnje vrijeme najte\u017ee je zbog usta\u0161luka sankcioniran jedan protjerani Kinez iz Imotskog, a i on zacijelo tek uslijed op\u0107e panike oko koronavirusa. Ali najbolji primjer benevolentnosti ponudila nam je sama Vlada RH ovih dana, upravo u sklopu memoriranja \u017ertava holokausta, \u010dak na me\u0111unarodnoj razini. Hrvatski premijer Andrej Plenkovi\u0107 pohodio je Auschwitz, a u njegovoj delegaciji bio je i ministar hrvatskih branitelja Tomo Medved. Ta politi\u010dka figura vi\u0161e se puta iskazala svojom naklono\u0161\u0107u prema usta\u0161kom pokretu i re\u017eimu, uvelike isko\u010div\u0161i iz zakonskog okvira povjerenog joj sektora.<\/p>\n<p>Medved je dakle stao npr. iza neupitno prousta\u0161ke udruge Hrvatski domobran \u010dije djelatnosti sufinancira, a jo\u0161 gore je njegovo dotiranje Dru\u0161tva za istra\u017eivanje trostrukog logora Jasenovac. Pro\u0161log ljeta u Novostima smo objavili dokumente Ministarstva hrvatskih branitelja o dodjeli novca tom dru\u0161tvu, gdje sve pr\u0161ti od umivanja Nezavisne Dr\u017eave Hrvatske i uvaljivanja zlo\u010dina\u010dke krivnje partizanima. Implicira se da istinu o Jasenovcu tek valja otkriti, usta\u0161e se nazivaju hrvatskim domoljubima, dok antifa\u0161isti to valjda nisu, ili mo\u017eda ipak jesu, s obzirom na urnebesnu tvrdnju da je taj i takav istinoljubivi projekt oko jasenova\u010dkog logora \u2013 antifa\u0161isti\u010dki nastrojen. A tu dolazimo do naj\u017ee\u0161\u0107eg potencijala revizionisti\u010dkog i reakcionarnog projekta koji se valja iza svih pojedina\u010dnih ispada doma\u0107ih neofa\u0161ista s prakti\u010dki bjanko ukazanim blagoslovom desni\u010darskih vlasti.<\/p>\n<p>Liberalni politi\u010dki centristi, u koje makar uvjetno mo\u017eemo svrstati i Plenkovi\u0107a, u su\u0161tini su podr\u017eali zamjenu teza kojom usta\u0161e postaju antifa\u0161isti, a komunisti bivaju isti kao fa\u0161isti. Memorijalni centar \u017ertava totalitaristi\u010dkih re\u017eima u paru s Jasenovcem kao tobo\u017enjim trostrukim logorom jest ba\u0161 takav jedan integralni politi\u010dki projekt. I zaludu nam redovno klanjanje ubijenima u holokaustu, ako ostanemo ovako prete\u017eno gluhi na tu upravo matemati\u010dki preciznu konstrukciju s jasnim horizontom na nekim novim masovnim, a nevinim \u017ertvama.<\/p>\n<p><a href=\"https:\/\/www.portalnovosti.com\/trostruke-lazi\">Portal Novosti<\/a><\/p>\n","protected":false},"excerpt":{"rendered":"<p>Liberalni centristi, u koje mo\u017eemo svrstati i Plenkovi\u0107a, podr\u017eali su zamjenu teza kojom usta\u0161e postaju antifa\u0161isti, a komunisti fa\u0161isti. Memorijalni centar \u017ertava totalitaristi\u010dkih re\u017eima u paru s Jasenovcem kao tobo\u017enjim trostrukim logorom jest ba\u0161 takav integralni politi\u010dki projekt<\/p>\n","protected":false},"author":1,"featured_media":283323,"comment_status":"open","ping_status":"closed","sticky":false,"template":"","format":"standard","meta":{"_seopress_robots_primary_cat":"","_seopress_titles_title":"","_seopress_titles_desc":"","_seopress_robots_index":"","_et_pb_use_builder":"","_et_pb_old_content":"","_et_gb_content_width":"","inline_featured_image":false,"footnotes":""},"categories":[5],"tags":[],"class_list":["post-283322","post","type-post","status-publish","format-standard","has-post-thumbnail","hentry","category-drugi-pisu"],"_links":{"self":[{"href":"https:\/\/www.pcnen.com\/portal\/wp-json\/wp\/v2\/posts\/283322","targetHints":{"allow":["GET"]}}],"collection":[{"href":"https:\/\/www.pcnen.com\/portal\/wp-json\/wp\/v2\/posts"}],"about":[{"href":"https:\/\/www.pcnen.com\/portal\/wp-json\/wp\/v2\/types\/post"}],"author":[{"embeddable":true,"href":"https:\/\/www.pcnen.com\/portal\/wp-json\/wp\/v2\/users\/1"}],"replies":[{"embeddable":true,"href":"https:\/\/www.pcnen.com\/portal\/wp-json\/wp\/v2\/comments?post=283322"}],"version-history":[{"count":1,"href":"https:\/\/www.pcnen.com\/portal\/wp-json\/wp\/v2\/posts\/283322\/revisions"}],"predecessor-version":[{"id":283324,"href":"https:\/\/www.pcnen.com\/portal\/wp-json\/wp\/v2\/posts\/283322\/revisions\/283324"}],"wp:featuredmedia":[{"embeddable":true,"href":"https:\/\/www.pcnen.com\/portal\/wp-json\/wp\/v2\/media\/283323"}],"wp:attachment":[{"href":"https:\/\/www.pcnen.com\/portal\/wp-json\/wp\/v2\/media?parent=283322"}],"wp:term":[{"taxonomy":"category","embeddable":true,"href":"https:\/\/www.pcnen.com\/portal\/wp-json\/wp\/v2\/categories?post=283322"},{"taxonomy":"post_tag","embeddable":true,"href":"https:\/\/www.pcnen.com\/portal\/wp-json\/wp\/v2\/tags?post=283322"}],"curies":[{"name":"wp","href":"https:\/\/api.w.org\/{rel}","templated":true}]}}