{"id":283106,"date":"2020-01-31T07:16:40","date_gmt":"2020-01-31T06:16:40","guid":{"rendered":"https:\/\/www.pcnen.com\/portal\/?p=283106"},"modified":"2020-01-30T21:26:45","modified_gmt":"2020-01-30T20:26:45","slug":"prijem-u-porodicu-belih-naroda","status":"publish","type":"post","link":"https:\/\/www.pcnen.com\/portal\/2020\/01\/31\/prijem-u-porodicu-belih-naroda\/","title":{"rendered":"Prijem u porodicu belih naroda"},"content":{"rendered":"<p>O stvarnoj prirodi neke konferencije \u010desto mo\u017eemo da zaklju\u010dimo na osnovu spiska njenih u\u010desnika. Na primer, na konferenciji na kojoj se raspravljalo o \u201ckona\u010dnom re\u0161enju jevrejskog pitanja\u201c u vili Vanze 1942. u\u010destvovali su samo visoki oficiri nacisti\u010dkog re\u017eima i nijedan Jevrejin. Stoga to \u201cre\u0161enje\u201c nikako nije mogla biti integracija Jevreja u nema\u010dku dr\u017eavu ili jevrejska autonomija u Bavarskoj, ve\u0107 njihovo uni\u0161tenje. Na konvenciji u Va\u0161ingtonu na kojoj se na inicijativu Donalda Trampa razgovara o \u201cmirovnom procesu izme\u0111u Izraelaca i Palestinaca\u201c u\u010destvuju samo Izraelci i nijedan Palestinac. Kakav mir, po va\u0161em mi\u0161ljenju, iz toga mo\u017ee da proiza\u0111e i \u0161ta iz toga mo\u017ee da sledi?<\/p>\n<p>Dakle, ko su bili u\u010desnici me\u0111unarodne konferencije o \u0160oi u Jerusalimu? Da li su tu zaista u\u010destvovali, kao \u0161to smo se hvalili, \u201elideri iz celog sveta\u201c? Naravno da ne. Od 49 lidera nijedan nije bio crn, nije bilo predstavnika afri\u010dkih zemalja, nije bio nijedan musliman, nijedan Arapin, nijedan Indijac, nijedan Kinez, nijedan Japanac \u2013 niko takav. Samo mu\u0161karci bele rase i poneka \u017eena iste rase. Imali smo konferenciju protiv rasizma (antisemitizam je vrsta rasizma), pojave koja se zasniva na odbrani \u010distote bele rase, na kojoj nije bio omogu\u0107en pristup predstavnicima crne ili neke druge \u201cni\u017ee\u201c rase. Ovo nije \u010dak ni sme\u0161no, ovo je u\u017eas.<\/p>\n<p>Kakve su to gluposti, pitate se vi sada. Konferencija o \u0160oi uklju\u010duje samo evropske zemlje i stoga je izbor u\u010desnika takav kakav je. Zaista? SAD, Kanada, Australija, Argentina su u Evropi? Ne, nisu u Evropi, ispravljate se vi, to je bila konferencija zemalja saveznica iz Drugog svetskog rata. Opa! Argentina i \u0160panija su bile deo tog saveza? \u0160ta je sa zemljama koje su se zaista svrstale uz saveznike, kao na primer Kina, Indija, Nepal, Filipini, Ju\u017enoafri\u010dka republika ili Liberija? Ako je \u0160panija u\u010destvovala na skupu, za\u0161to nije i Turska? I \u0161ta uop\u0161te povezuje u\u010desnike ovog skupa? Tu su se zatekli ne samo predstavnici zemalja koje su se borile protiv nacisti\u010dke Nema\u010dke, ve\u0107 i predstavnici zemalja koje su ubijale ili u\u010destvovale u ubijanju Jevreja, delegati iz zemalja kao \u0161to su Austrija, Francuska, Hrvatska i druge.<\/p>\n<p>\u0160ta je onda zajedni\u010dki imenitelj svim u\u010desnicima ove konferencije? Svi oni su predstavnici belih hri\u0161\u0107anskih zemalja. To je to, i to je sve, u tome je cela nauka. A za\u0161to? Zato jer se u stvari na taj na\u010din ostvaruje generacijski san cionizma \u2013 da bi nejevrejski narodi belog sveta, oni koji su ubili ne samo \u0161est miliona Jevreja ve\u0107 i nekoliko stotina miliona crnih ljudi, Afrikanaca, Azijaca, ameri\u010dkih domorodaca u toku osvajanja ameri\u010dkog kontinenta \u2013 na kraju prepoznali svoju gre\u0161ku: nije trebalo da uni\u0161te nas Jevreje, jer mi smo deo njihovog sveta, mi smo kao oni, ve\u0107 je trebalo da uni\u0161te samo \u201cstvarno ni\u017ee rase\u201c, one koji zaslu\u017euju uni\u0161tenje, one koje nisu imale svoje predstavnike na konferenciji protiv rasizma, izvinite, antisemitizma.<\/p>\n<p>Tako da je u Jerusalimu pro\u0161le nedelje odr\u017eana konferencija belih hri\u0161\u0107anskih vo\u0111a iz celog sveta o \u201cse\u0107anju na \u0160ou i borbu protiv antisemitizma\u201d. To je bila ceremonija na\u0161eg prijema u porodicu belih naroda, istrebljiva\u010da. A nastavak, koji proizlazi iz toga, tek sledi.<\/p>\n<p><a href=\"https:\/\/pescanik.net\/prijem-u-porodicu-belih-naroda\/\">Pe\u0161\u010danik.net<\/a><\/p>\n","protected":false},"excerpt":{"rendered":"<p>\u0160ta je u stvari bilo pro\u0161lonedeljno okupljanje u Jerusalimu? Dodu\u0161e nazvali su ga \u201cme\u0111unarodna konferencija o se\u0107anju na \u0160ou i borbu protiv antisemitizma\u201c, ali \u0161ta je to zaista bilo?<\/p>\n","protected":false},"author":1,"featured_media":283107,"comment_status":"open","ping_status":"closed","sticky":false,"template":"","format":"standard","meta":{"_seopress_robots_primary_cat":"","_seopress_titles_title":"","_seopress_titles_desc":"","_seopress_robots_index":"","_et_pb_use_builder":"","_et_pb_old_content":"","_et_gb_content_width":"","inline_featured_image":false,"footnotes":""},"categories":[5],"tags":[],"class_list":["post-283106","post","type-post","status-publish","format-standard","has-post-thumbnail","hentry","category-drugi-pisu"],"_links":{"self":[{"href":"https:\/\/www.pcnen.com\/portal\/wp-json\/wp\/v2\/posts\/283106","targetHints":{"allow":["GET"]}}],"collection":[{"href":"https:\/\/www.pcnen.com\/portal\/wp-json\/wp\/v2\/posts"}],"about":[{"href":"https:\/\/www.pcnen.com\/portal\/wp-json\/wp\/v2\/types\/post"}],"author":[{"embeddable":true,"href":"https:\/\/www.pcnen.com\/portal\/wp-json\/wp\/v2\/users\/1"}],"replies":[{"embeddable":true,"href":"https:\/\/www.pcnen.com\/portal\/wp-json\/wp\/v2\/comments?post=283106"}],"version-history":[{"count":1,"href":"https:\/\/www.pcnen.com\/portal\/wp-json\/wp\/v2\/posts\/283106\/revisions"}],"predecessor-version":[{"id":283108,"href":"https:\/\/www.pcnen.com\/portal\/wp-json\/wp\/v2\/posts\/283106\/revisions\/283108"}],"wp:featuredmedia":[{"embeddable":true,"href":"https:\/\/www.pcnen.com\/portal\/wp-json\/wp\/v2\/media\/283107"}],"wp:attachment":[{"href":"https:\/\/www.pcnen.com\/portal\/wp-json\/wp\/v2\/media?parent=283106"}],"wp:term":[{"taxonomy":"category","embeddable":true,"href":"https:\/\/www.pcnen.com\/portal\/wp-json\/wp\/v2\/categories?post=283106"},{"taxonomy":"post_tag","embeddable":true,"href":"https:\/\/www.pcnen.com\/portal\/wp-json\/wp\/v2\/tags?post=283106"}],"curies":[{"name":"wp","href":"https:\/\/api.w.org\/{rel}","templated":true}]}}