{"id":283094,"date":"2020-01-30T20:02:08","date_gmt":"2020-01-30T19:02:08","guid":{"rendered":"https:\/\/www.pcnen.com\/portal\/?p=283094"},"modified":"2020-01-30T20:02:08","modified_gmt":"2020-01-30T19:02:08","slug":"i-veceras-litije-sirom-crne-gore","status":"publish","type":"post","link":"https:\/\/www.pcnen.com\/portal\/2020\/01\/30\/i-veceras-litije-sirom-crne-gore\/","title":{"rendered":"I ve\u010deras litije \u0161irom Crne Gore"},"content":{"rendered":"<p>U Plu\u017einama, \u017dabljaku, Andrijevici, \u00a0Mojkovcu, Bijelom Polju, Beranama i Pljevljima su i ve\u010deras krenule rijeke ljudi u ltijama kako bi pokazali protest protiv Zakona o vjeroispovesti.<\/p>\n<p>I jug Crne Gore ve\u010deras brani svetinje. Vi\u0161e hiljada gra\u0111ana Herceg Novog u\u010destvovalo je u litiji, a kolona vernika je bila nepregledna, rame uz rame sa svojim kom\u0161ijama iz Tivta.<\/p>\n<p>Gra\u0111ani su se masovno okupili i u Baru i Nik\u0161i\u0107u.<\/p>\n<p>Desetine hiljada gra\u0111ana okupile su se ispred Hrama Hristovog vaskrsenja u Podgorici i krenuli u molitvenu litiju nakon molebana Presvetoj Bogorodici u Sabornom hramu.<\/p>\n<p>Ve\u010dera\u0161nju litiju je predvodio protojerej-stavrofor Gojko Perovic\u0301, rektor Cetinjske bogoslovije.<\/p>\n<p><em><strong>Odlukom Episkopskog savjeta Srpske pravoslavne crkve (SPC) u Crnoj Gori, odlu\u010deno je da se litije i molebani odr\u017eavaju \u010detvrtkom i nedeljom.<\/strong><\/em><\/p>\n","protected":false},"excerpt":{"rendered":"<p>Odlukom Episkopskog savjeta Srpske pravoslavne crkve (SPC) u Crnoj Gori, odlu\u010deno je da se litije i molebani odr\u017eavaju \u010detvrtkom i nedeljom.<\/p>\n","protected":false},"author":1,"featured_media":281250,"comment_status":"open","ping_status":"closed","sticky":false,"template":"","format":"standard","meta":{"_seopress_robots_primary_cat":"","_seopress_titles_title":"","_seopress_titles_desc":"","_seopress_robots_index":"","_et_pb_use_builder":"","_et_pb_old_content":"","_et_gb_content_width":"","inline_featured_image":false,"footnotes":""},"categories":[14],"tags":[],"class_list":["post-283094","post","type-post","status-publish","format-standard","has-post-thumbnail","hentry","category-vijesti"],"_links":{"self":[{"href":"https:\/\/www.pcnen.com\/portal\/wp-json\/wp\/v2\/posts\/283094","targetHints":{"allow":["GET"]}}],"collection":[{"href":"https:\/\/www.pcnen.com\/portal\/wp-json\/wp\/v2\/posts"}],"about":[{"href":"https:\/\/www.pcnen.com\/portal\/wp-json\/wp\/v2\/types\/post"}],"author":[{"embeddable":true,"href":"https:\/\/www.pcnen.com\/portal\/wp-json\/wp\/v2\/users\/1"}],"replies":[{"embeddable":true,"href":"https:\/\/www.pcnen.com\/portal\/wp-json\/wp\/v2\/comments?post=283094"}],"version-history":[{"count":1,"href":"https:\/\/www.pcnen.com\/portal\/wp-json\/wp\/v2\/posts\/283094\/revisions"}],"predecessor-version":[{"id":283095,"href":"https:\/\/www.pcnen.com\/portal\/wp-json\/wp\/v2\/posts\/283094\/revisions\/283095"}],"wp:featuredmedia":[{"embeddable":true,"href":"https:\/\/www.pcnen.com\/portal\/wp-json\/wp\/v2\/media\/281250"}],"wp:attachment":[{"href":"https:\/\/www.pcnen.com\/portal\/wp-json\/wp\/v2\/media?parent=283094"}],"wp:term":[{"taxonomy":"category","embeddable":true,"href":"https:\/\/www.pcnen.com\/portal\/wp-json\/wp\/v2\/categories?post=283094"},{"taxonomy":"post_tag","embeddable":true,"href":"https:\/\/www.pcnen.com\/portal\/wp-json\/wp\/v2\/tags?post=283094"}],"curies":[{"name":"wp","href":"https:\/\/api.w.org\/{rel}","templated":true}]}}